{"id":8087,"date":"2011-03-27T08:05:40","date_gmt":"2011-03-27T14:05:40","guid":{"rendered":"https:\/\/eloficiodehistoriar.com.mx\/?p=8087"},"modified":"2011-03-27T08:05:58","modified_gmt":"2011-03-27T14:05:58","slug":"mas-de-15-millones-de-ninos-mexicanos-viven-en-la-miseria","status":"publish","type":"post","link":"https:\/\/eloficiodehistoriar.com.mx\/?p=8087","title":{"rendered":"M\u00e1s de 15 millones de ni\u00f1os mexicanos viven en la miseria"},"content":{"rendered":"<p>Son 15.8 millones de infantes, de los cuales 4.3 millones sobreviven en la miseria<\/p>\n<p>Viven en pobreza 4 de cada 10 ni\u00f1os en M\u00e9xico: Cepal y Unicef<\/p>\n<p>Aplican la primera medici\u00f3n multidimensional en una investigaci\u00f3n efectuada en AL y Caribe<\/p>\n<p>Por n\u00famero de menores en esa condici\u00f3n, el pa\u00eds es el segundo en la regi\u00f3n, atr\u00e1s de Brasil<\/p>\n<p>Susana Gonz\u00e1lez G.<\/p>\n<p>La Jornada<\/p>\n<p>De cada 10 ni\u00f1os mexicanos, cuatro viven en condiciones de pobreza, pero la proporci\u00f3n se eleva a cinco de cada decena si adem\u00e1s de los insuficientes ingresos monetarios de sus hogares se a\u00f1ade el incumplimiento de sus derechos fundamentales, indica una investigaci\u00f3n de la Comisi\u00f3n Econ\u00f3mica para Am\u00e9rica Latina y el Caribe (Cepal) y el Fondo de Naciones Unidas para la Infancia (Unicef).<\/p>\n<p>En total, la pobreza afecta a m\u00e1s de 15.8 millones de ni\u00f1os en el pa\u00eds, de los cuales 4.3 millones sobreviven en condiciones de extrema pobreza, de acuerdo con la primera medici\u00f3n multidimensional de la pobreza infantil con par\u00e1metros espec\u00edficos para la regi\u00f3n que aplicaron ambos organismos en la investigaci\u00f3n Pobreza infantil en Am\u00e9rica Latina y el Caribe, que comenz\u00f3 a ser difundida este mes.<\/p>\n<p>Por n\u00famero, M\u00e9xico es el segundo pa\u00eds de la regi\u00f3n con m\u00e1s ni\u00f1os pobres, s\u00f3lo superado por Brasil donde existen 22.7 millones. Ambos pa\u00edses concentran casi la mitad de los casi 81 millones de peque\u00f1os latinoamericanos que padecen al menos una privaci\u00f3n moderada hasta pobreza extrema.<\/p>\n<p>Si la comparaci\u00f3n se hace en cuanto a porcentajes, M\u00e9xico se incluye entre las naciones latinoamericanas que reportan un nivel intermedio de pobreza infantil. De hecho, se ubica s\u00f3lo cinco puntos abajo del 45 por ciento que representa el promedio regional, seg\u00fan las cifras m\u00e1s recientes obtenidas por ambas organizaciones y que van de 2003 a 2008.<\/p>\n<p>Mejor que Centroam\u00e9rica<\/p>\n<p>Entre 18 naciones analizadas, M\u00e9xico ocupa el lugar 11 con 40 por ciento de sus ni\u00f1os en pobreza, mientras la lista es encabezada por El Salvador con 86.8 por ciento de su poblaci\u00f3n infantil en tal situaci\u00f3n.<\/p>\n<p>M\u00e9xico se encuentra en un mejor nivel que las seis naciones centroamericanas y cuatro sudamericanas, cuya pobreza infantil oscila entre 45 a 86.8 por ciento. En cambio, Brasil, Colombia, Venezuela, Argentina, Uruguay, Chile y Costa Rica tienen porcentualmente menos ni\u00f1os pobres que M\u00e9xico.<\/p>\n<p>El pa\u00eds en mejor situaci\u00f3n en este tema es Costa Rica, donde s\u00f3lo dos de cada diez menores tienen alguna carencia, proporci\u00f3n que se duplica en el caso de M\u00e9xico.<\/p>\n<p>Cepal y Unicef aclaran que la medici\u00f3n de la pobreza infantil en la regi\u00f3n y por pa\u00eds var\u00eda seg\u00fan la metodolog\u00eda que se utilice. As\u00ed, cuando la pobreza infantil se mide \u00fanicamente a partir de los ingresos monetarios de los hogares o desde la perspectiva de sus derechos, entonces el porcentaje de ni\u00f1os pobres en M\u00e9xico se eleva hasta 53 por ciento para el primer caso y a 55 por ciento para el segundo, precisa la investigaci\u00f3n.<\/p>\n<p>La desnutrici\u00f3n global y cr\u00f3nica de los menores tambi\u00e9n puede ser medida con dos metodolog\u00edas distintas, por lo que en el caso de M\u00e9xico se establece que entre el 3.5 y 5 por ciento padecen la primera, y de 12 hasta 22 por ciento la segunda.<\/p>\n<p>El documento detalla que casi la cuarta parte de los infantes mexicanos (24.3 por ciento, similar al promedio regional) carecen de una vivienda adecuada, lo cual afecta sus procesos de alimentaci\u00f3n, educaci\u00f3n, abrigo, construcci\u00f3n y de v\u00ednculos de contenci\u00f3n sociofamiliar.<\/p>\n<p>En el desglose de las privaciones relacionadas con la vivienda, se especifica que 8 por ciento de los ni\u00f1os tienen carencias de moderadas a graves en el acceso de agua potable, 18 por ciento en servicios sanitarios, de 7.6 por ciento en servicios educativos, as\u00ed como 3.7 por ciento a informaci\u00f3n y comunicaciones.<\/p>\n","protected":false},"excerpt":{"rendered":"<p>Son 15.8 millones de infantes, de los cuales 4.3 millones sobreviven en la miseria Viven en pobreza 4 de cada 10 ni\u00f1os en M\u00e9xico: Cepal y Unicef Aplican la primera medici\u00f3n multidimensional en una investigaci\u00f3n efectuada en AL y Caribe Por n\u00famero de menores en esa condici\u00f3n, el pa\u00eds es el segundo en la regi\u00f3n, [&hellip;]<\/p>\n","protected":false},"author":249,"featured_media":0,"comment_status":"open","ping_status":"closed","sticky":false,"template":"","format":"standard","meta":{"footnotes":""},"categories":[26],"tags":[],"class_list":["post-8087","post","type-post","status-publish","format-standard","hentry","category-mundo"],"_links":{"self":[{"href":"https:\/\/eloficiodehistoriar.com.mx\/index.php?rest_route=\/wp\/v2\/posts\/8087","targetHints":{"allow":["GET"]}}],"collection":[{"href":"https:\/\/eloficiodehistoriar.com.mx\/index.php?rest_route=\/wp\/v2\/posts"}],"about":[{"href":"https:\/\/eloficiodehistoriar.com.mx\/index.php?rest_route=\/wp\/v2\/types\/post"}],"author":[{"embeddable":true,"href":"https:\/\/eloficiodehistoriar.com.mx\/index.php?rest_route=\/wp\/v2\/users\/249"}],"replies":[{"embeddable":true,"href":"https:\/\/eloficiodehistoriar.com.mx\/index.php?rest_route=%2Fwp%2Fv2%2Fcomments&post=8087"}],"version-history":[{"count":2,"href":"https:\/\/eloficiodehistoriar.com.mx\/index.php?rest_route=\/wp\/v2\/posts\/8087\/revisions"}],"predecessor-version":[{"id":8089,"href":"https:\/\/eloficiodehistoriar.com.mx\/index.php?rest_route=\/wp\/v2\/posts\/8087\/revisions\/8089"}],"wp:attachment":[{"href":"https:\/\/eloficiodehistoriar.com.mx\/index.php?rest_route=%2Fwp%2Fv2%2Fmedia&parent=8087"}],"wp:term":[{"taxonomy":"category","embeddable":true,"href":"https:\/\/eloficiodehistoriar.com.mx\/index.php?rest_route=%2Fwp%2Fv2%2Fcategories&post=8087"},{"taxonomy":"post_tag","embeddable":true,"href":"https:\/\/eloficiodehistoriar.com.mx\/index.php?rest_route=%2Fwp%2Fv2%2Ftags&post=8087"}],"curies":[{"name":"wp","href":"https:\/\/api.w.org\/{rel}","templated":true}]}}