{"id":8090,"date":"2011-03-27T08:10:16","date_gmt":"2011-03-27T14:10:16","guid":{"rendered":"https:\/\/eloficiodehistoriar.com.mx\/?p=8090"},"modified":"2011-03-27T08:10:16","modified_gmt":"2011-03-27T14:10:16","slug":"queretaro-como-gran-polo-de-atraccon-para-inversiones-beneficia-a-empresario-y-empobrece-a-la-poblacion","status":"publish","type":"post","link":"https:\/\/eloficiodehistoriar.com.mx\/?p=8090","title":{"rendered":"Quer\u00e9taro como gran polo de atracc\u00f3n para inversiones beneficia a empresario y empobrece a la poblaci\u00f3n"},"content":{"rendered":"<p>Se consolida el Estado como polo de inversi\u00f3n y desarrollo econ\u00f3mico: Canaco<\/p>\n<p>Diario de Quer\u00e9taro<\/p>\n<p>Laura Banda<\/p>\n<p>Quer\u00e9taro est\u00e1 consolidado como uno de los 5 principales polos para la inversi\u00f3n y el desarrollo econ\u00f3mico en el pa\u00eds, sostuvo el presidente de la Canaco, Pedro Paredes Res\u00e9ndiz.<\/p>\n<p>Dijo que esta posici\u00f3n compromete a cada uno de los sectores y en caso particular al comercio organizado a ser m\u00e1s competitivo.<\/p>\n<p>Lo anterior, al destacar que el sector terciario de la econom\u00eda, \u00abvive interesantes retos y grandes oportunidades; ya que al mostrarse un impulso al empleo y a la proveedur\u00eda local, hemos vivido interesantes avances en nuestra econom\u00eda interna, lo cual blinda la estabilidad en inversiones, en generaci\u00f3n de empleo y en sueldos bien remunerados\u00bb.<\/p>\n<p>Esas, dijo son las variables que determinan la competitividad de Quer\u00e9taro, y son en gran medida la suma importantes esfuerzos por parte de los empresarios, as\u00ed como el compromiso de los tres niveles de Gobierno para colaborar en torno a un fin com\u00fan, que es el desarrollo del Estado. <\/p>\n<p>Lo anterior tambi\u00e9n al dar a conocer el apoyo que se ha dado en el \u00faltimo a\u00f1o para la conformaci\u00f3n de franquicias entre los empresarios queretanos.<\/p>\n<p>Por ahora, inform\u00f3 que se tienen 10 empresas queretanas del sector servicios y comercios \u00abque est\u00e1n ya en el proceso de franquiciar ya sus negocios\u00bb.<\/p>\n<p>Explic\u00f3 que en promedio cuesta actualmente 100 mil pesos franquiciar un negocio, \u00abpero nosotros en la Canaco hemos bajado recursos de otras instancias, como son la Secretar\u00eda de Econom\u00eda (SE) federal y la Secretar\u00eda de Desarrollo Sustentable (Sedesu) a nivel estatal\u00bb.<\/p>\n<p>A trav\u00e9s de este programa, dijo que el empresario que acude a Canaco para franquiciar s\u00f3lo pone poco, el 33 por ciento, otro porcentaje similar se baja del \u00e1mbito federal y el resto es aportado por la Sedesu estatal.<\/p>\n<p>Detall\u00f3 que estas 10 empresas se encuentran en etapa de certificaci\u00f3n para ser franquicias, entre las cuales mencion\u00f3 a La Gaucha, que se encuentra en segmento de restaurantes y Papeler\u00eda Colibr\u00ed.<\/p>\n<p>Indic\u00f3 que en todo el proceso de encaminar a un negocio a convertirse en franquicias, en la Canaco se les ayuda a que dise\u00f1en el logotipo de la franquicia y desarrollen su plan de negocios y de mercado, se capacite en base a algunos manuales al personal de la empresa.<\/p>\n<p>Adelant\u00f3 que para junio se tiene programado que se tengan listas en el mercado las primeras franquicias, a trav\u00e9s de este programa que se implement\u00f3 durante el \u00faltimo a\u00f1o en la Canaco Quer\u00e9taro.<\/p>\n","protected":false},"excerpt":{"rendered":"<p>Se consolida el Estado como polo de inversi\u00f3n y desarrollo econ\u00f3mico: Canaco Diario de Quer\u00e9taro Laura Banda Quer\u00e9taro est\u00e1 consolidado como uno de los 5 principales polos para la inversi\u00f3n y el desarrollo econ\u00f3mico en el pa\u00eds, sostuvo el presidente de la Canaco, Pedro Paredes Res\u00e9ndiz. Dijo que esta posici\u00f3n compromete a cada uno de [&hellip;]<\/p>\n","protected":false},"author":249,"featured_media":0,"comment_status":"open","ping_status":"closed","sticky":false,"template":"","format":"standard","meta":{"footnotes":""},"categories":[26],"tags":[],"class_list":["post-8090","post","type-post","status-publish","format-standard","hentry","category-mundo"],"_links":{"self":[{"href":"https:\/\/eloficiodehistoriar.com.mx\/index.php?rest_route=\/wp\/v2\/posts\/8090","targetHints":{"allow":["GET"]}}],"collection":[{"href":"https:\/\/eloficiodehistoriar.com.mx\/index.php?rest_route=\/wp\/v2\/posts"}],"about":[{"href":"https:\/\/eloficiodehistoriar.com.mx\/index.php?rest_route=\/wp\/v2\/types\/post"}],"author":[{"embeddable":true,"href":"https:\/\/eloficiodehistoriar.com.mx\/index.php?rest_route=\/wp\/v2\/users\/249"}],"replies":[{"embeddable":true,"href":"https:\/\/eloficiodehistoriar.com.mx\/index.php?rest_route=%2Fwp%2Fv2%2Fcomments&post=8090"}],"version-history":[{"count":2,"href":"https:\/\/eloficiodehistoriar.com.mx\/index.php?rest_route=\/wp\/v2\/posts\/8090\/revisions"}],"predecessor-version":[{"id":8093,"href":"https:\/\/eloficiodehistoriar.com.mx\/index.php?rest_route=\/wp\/v2\/posts\/8090\/revisions\/8093"}],"wp:attachment":[{"href":"https:\/\/eloficiodehistoriar.com.mx\/index.php?rest_route=%2Fwp%2Fv2%2Fmedia&parent=8090"}],"wp:term":[{"taxonomy":"category","embeddable":true,"href":"https:\/\/eloficiodehistoriar.com.mx\/index.php?rest_route=%2Fwp%2Fv2%2Fcategories&post=8090"},{"taxonomy":"post_tag","embeddable":true,"href":"https:\/\/eloficiodehistoriar.com.mx\/index.php?rest_route=%2Fwp%2Fv2%2Ftags&post=8090"}],"curies":[{"name":"wp","href":"https:\/\/api.w.org\/{rel}","templated":true}]}}