{"id":8092,"date":"2011-03-27T08:20:45","date_gmt":"2011-03-27T14:20:45","guid":{"rendered":"https:\/\/eloficiodehistoriar.com.mx\/?p=8092"},"modified":"2011-03-27T08:20:45","modified_gmt":"2011-03-27T14:20:45","slug":"cerca-de-trecientos-anos-tardo-en-ser-santuario-el-templo-de-la-v-congregacion-y-en-1946-le-nego-el-vaticano-la-posibilidad-de-ser-basilica","status":"publish","type":"post","link":"https:\/\/eloficiodehistoriar.com.mx\/?p=8092","title":{"rendered":"Cerca de trecientos a\u00f1os tard\u00f3 en ser Santuario el templo de la V. Congregaci\u00f3n y en 1946 le neg\u00f3 el Vaticano la posibilidad de ser Bas\u00edlica"},"content":{"rendered":"<p>HISTORIA Y FIN DE LA V. CONGREGACI\u00d3N DE CL\u00c9RIGOS SECULARES Y<br \/>\nDE SU SANTUARIO DEDICADO A LA  VIRGEN DE GUADALUPE<br \/>\nEN QUER\u00c9TARO<\/p>\n<p>En 1659, el Pbro. Lucas Guerrero y Rodea compr\u00f3 un solar en la Ciudad de Quer\u00e9taro, donde al sembrar trigo se encomend\u00f3 a la intercesi\u00f3n de la Sant\u00edsima Virgen de Guadalupe, prometi\u00e9ndole dedicarle una parte de la venta de los frutos. Obtuvo una abundante cosecha. Con el dinero obtenido, se dio a la tarea de conseguir una pintura de la Sant\u00edsima Virgen Guadalupana, adquiriendo en 1659 una Imagen muy hermosa, tray\u00e9ndola a la Ciudad de Quer\u00e9taro, puesto que por entonces no hab\u00eda Imagen alguna de la Sant\u00edsima Virgen de Guadalupe en ella. <\/p>\n<p>El padre Lucas Guerrero, trajo la imagen en el mismo a\u00f1o de 1659, eligiendo el Templo del Hospital Real de la Pur\u00edsima Concepci\u00f3n, hoy Templo de San Jos\u00e9 de Gracia. <\/p>\n<p> El Padre Lucas Guerrero inspirado en el Oratorio de San Felipe Neri, fue congregando en torno de Santa Mar\u00eda de Guadalupe  a  los sacerdotes diocesanos, quienes luego de gestionar los tr\u00e1mites necesarios, redactar las Constituciones y obtener el permiso de la Arquidi\u00f3cesis de M\u00e9xico, a la cual pertenec\u00eda entonces la Ciudad de Quer\u00e9taro en la persona del tambi\u00e9n queretano Antonio de C\u00e1rdenas y Salazar, Vicario General, el 10 de enero de 1669, qued\u00f3 can\u00f3nicamente fundada la Congregaci\u00f3n de Cl\u00e9rigos Seculares de Santa Mar\u00eda de Guadalupe, aprob\u00e1ndola el Papa Inocencio XII con la Bula \u201cPietatis et Charitatis Oper\u201d del 5 de septiembre de 1691. <\/p>\n<p> He aqu\u00ed los nombres de los primeros Sacerdotes Congregantes: <\/p>\n<p>\u2022 Bachiller Don Lucas Guerrero y Rodea<br \/>\n\u2022Bachiller Don Juan de Miranda<br \/>\n\u2022Bachiller Don Diego de Barrios Pimentel<br \/>\n\u2022Bachiller Don Francisco de Lepe<br \/>\n\u2022Bachiller Don Sim\u00f3n de Le\u00f3n<br \/>\n\u2022Bachiller Don Jos\u00e9 Aguilar y Monroy<br \/>\n\u2022Bachiller Don Miguel Mart\u00edn<br \/>\n\u2022Bachiller Don Jos\u00e9 Maldonado y Camacho<br \/>\n\u2022Bachiller Don Juan Pacheco<br \/>\n\u2022Bachiller Don Nicol\u00e1s de las Casas<br \/>\n\u2022Bachiller Don Jos\u00e9 de la Parra<br \/>\n\u2022Bachiller Don Francisco de la Vega<br \/>\n\u2022Bachiller Don Jos\u00e9 Manrique Maldonado<br \/>\n\u2022Bachiller Don Jos\u00e9 N\u00fa\u00f1ez<br \/>\n\u2022Bachiller Don Antonio Rodr\u00edguez<br \/>\n\u2022Bachiller Don Antonio Herrera<br \/>\n\u2022Licenciado Don Diego Fern\u00e1ndez de Castro<br \/>\n\u2022Licenciado Don Jos\u00e9 Castillo Villase\u00f1or<\/p>\n<p> La Congregaci\u00f3n de Cl\u00e9rigos en 1671 compr\u00f3 un predio, donde en febrero de 1674 se comenz\u00f3 a construir una peque\u00f1a capilla. <\/p>\n<p>En el mismo lugar el 1\u00ba de junio de 1675, el Padre Lucas Guerrero bendijo la primera piedra del, hoy,  majestuoso templo ubicado en la actual esquina de las calles de Pasteur y 16 de Septiembre.<br \/>\nSu magn\u00edfico dise\u00f1o es obra del arquitecto Jos\u00e9 de Bayas delgado.  <\/p>\n<p>Dicho templo fue bendecido el 11 de mayo de 1680,  por el Presb\u00edtero queretano. Br. Juan Caballero y Osio, quien de su peculio coste\u00f3 casi la totalidad de la construcci\u00f3n.  <\/p>\n<p>Al construirse el Templo de la Congregaci\u00f3n, se prepar\u00f3 el Retablo del Altar Mayor para colocar en \u00e9l una  imagen de la Guadalupana pintada por Baltasar Echave. <\/p>\n<p>La Imagen actualmente venerada es la tercera, obra del pintor oaxaque\u00f1o Miguel Cabrera, quien la regal\u00f3 al Sr. Arzobispo de M\u00e9xico Manuel Rubio y Salinas. <\/p>\n<p>Dicha imagen paso a propiedad del Sr. Bernardo Pardo, vecino de la Ciudad de Quer\u00e9taro, quien en 1778, la intercambi\u00f3 con el Padre Antonio Lamas Ch\u00e1vez (entonces Prefecto de la Congregaci\u00f3n) por la imagen pintada por Echave. <\/p>\n<p>De la primera y segunda imagen no tenemos por ahora mayor noticia. <\/p>\n<p>Con el paso del tiempo, La Congregaci\u00f3n, como asociaci\u00f3n, se vio favorecida con la generosidad de innumerables fieles, aunque tambi\u00e9n cumpli\u00f3 con impuestos, prestamos forzosos y otras obligaciones; finalmente, sufri\u00f3 los embates de las llamadas Leyes de Reforma bajo el gobierno de Benito Ju\u00e1rez: \u201cDel a\u00f1o de 1857 a 1861 la I. y V. Congregaci\u00f3n perdi\u00f3 absolutamente todas sus propiedades y sus fondos, al grado de no contar ni siquiera con la casa anexa a su Iglesia\u201d. <\/p>\n<p>Luego se decret\u00f3 la extinci\u00f3n de las \u00f3rdenes religiosas, luego la persecuci\u00f3n de los se\u00f1ores obispos y sacerdotes. As\u00ed, quedaron suspendidas todas las actividades y aislados todos los Congregantes desde los primeros meses  de 1861. Los cortos intervalos de paz hasta 1864 no fueron suficientes para reorganizarla. <\/p>\n<p>Posteriormente, cuando nuestra Di\u00f3cesis de Quer\u00e9taro. fundada el 7 de febrero de 1864, dada sus primeros pasos, el Templo de la Congregaci\u00f3n como el resto de la ciudad sufr\u00eda las consecuencias del Sitio del ej\u00e9rcito rep\u00fablicano contra el usurpador Maximiliano de Habsburgo.<\/p>\n<p>Fue despojado en 1867 de sus cuatro campanas por el general Mariano Escobedo para fundirlos como ca\u00f1ones.  <\/p>\n<p>El Gobierno Eclesi\u00e1stico de la naciente Di\u00f3cesis, se vio impedido a impulsar la reorganizaci\u00f3n, quedando sin efectuar nuevas elecciones. Al morir el Pbro. Br. Jes\u00fas Piza\u00f1a, en 1879, no fue elegido Prefecto, sino que el Consiliario m\u00e1s antiguo, el Pbro. Br. Pedro Mar\u00eda Guti\u00e9rrez, fue reconocido como primer Dignatario o Viceprefecto. <\/p>\n<p>Cuando lleg\u00f3 nuestro tercer Obispo Excmo. Sr. Rafael Sab\u00e1s Camacho, ferviente guadalupano, se propuso renovar la Congregaci\u00f3n. <\/p>\n<p>El 12 de septiembre de 1885, renov\u00f3 las Constituciones, dando nuevo impulso a la organizaci\u00f3n.<br \/>\nAdem\u00e1s en 1886 promovi\u00f3 la reparaci\u00f3n y nueva decoraci\u00f3n del Templo. <\/p>\n<p>En 1888, la antigua antesacrist\u00eda fue convertida en la Capilla de la Pur\u00edsima Concepci\u00f3n, a costa del Congregante Pbro. Jos\u00e9 Francisco Figueroa. <\/p>\n<p>El 30 de noviembre de aquel a\u00f1o fue consagrado el Templo por el Excmo. Sr. Camacho.<br \/>\nEl 10 de mayo de 1924, el Excmo. Sr. Obispo Francisco Banegas aprob\u00f3 la reforma de las Constituciones, dando nuevo impulso a tan egregia organizaci\u00f3n sacerdotal. <\/p>\n<p>Sin embargo, con el estallido de la Revoluci\u00f3n, la Congregaci\u00f3n sufri\u00f3 nuevas ofensas. El 13 de abril de 1915 una horda de los llamados \u201cciudadanos armados\u201d y del \u201cObrero Mundial\u201d penetraron en el Templo y dependencias, saqueando y profanando las vestiduras y objetos sagrados.<\/p>\n<p>Sus confesionarios, como los de otros templos, fueron sacados a la calle para ser quemados.<br \/>\nCon la llegada de las leyes impulsadas por el Presidente Plutarco El\u00edas Calles, los obispos mexicanos decidieron cerrar los templos el 31 de julio de 1926, teniendo que ser atendidos por piadosos seglares, seg\u00fan las instrucciones dadas en cada Di\u00f3cesis. <\/p>\n<p>El Sr. Obispo Banegas, dej\u00f3 como encargado del Templo al Presidente de la ACJM Jos\u00e9 Ugalde R. quien heroicamente desempe\u00f1\u00f3 tan delicada encomienda, al punto de sufrir golpes y c\u00e1rceles. <\/p>\n<p>Luego de los Arreglos del 29 de junio de 1929, la Congregaci\u00f3n reanud\u00f3 el culto del 12 de julio de 1929 hasta el 6 de junio de 1932, cuando fue clausurado por orden del gobernador Saturnino Osornio \u201cso pretexto de que en una escalera de una torre hab\u00eda roturas, de que hab\u00eda desaseo en la misma torre y falta de higiene en los excusados\u201d, reabriendo el 11 de diciembre de 1938, ya en tiempos del gobernador Ram\u00f3n Rodr\u00edguez Familiar y del Excmo. Sr. Obispo Marciano Tinajero. <\/p>\n<p>Luego de reanudarse el culto, se pens\u00f3 en redecorar el Templo, sustituir el altar mayor y coronar la Sagrada Imagen de Mar\u00eda de Guadalupe. Para lograr estos objetivos se constituy\u00f3 una Comisi\u00f3n. El Sr. Obispo Tinajero consagr\u00f3 el altar actual el 22 de noviembre de 1942, entronizando en \u00e9l la Sagrada Imagen Guadalupana el 2 de diciembre. <\/p>\n<p>El 12 de diciembre de aquel a\u00f1o, se coron\u00f3 solemnemente, de manos del Sr. Obispo Tinajero y del Sr. Arz. de Puebla Pedro Vera. <\/p>\n<p>En 1946, se solicit\u00f3 a la Santa Sede la elevaci\u00f3n a Bas\u00edlica Menor. La Sagrada Congregaci\u00f3n de Ritos contest\u00f3 \u201cnon expedir\u00e9\u201d, a causa de la peque\u00f1ez de su construcci\u00f3n. <\/p>\n<p>Sobre c\u00f3mo se fue extinguiendo la Venerable Congregaci\u00f3n de Cl\u00e9rigos, a\u00fan quedan por hacer algunas investigaciones. <\/p>\n<p>La \u00faltima sesi\u00f3n atestiguada por el Bolet\u00edn Diocesano fue el 12 de diciembre de 1957 siendo prefecto el Pbro. Ezequiel de la Isla. <\/p>\n<p>El prefecto anterior fue el Pbro. Gonzalo Vega Rubio. <\/p>\n<p>En 1958, el Templo de la Congregaci\u00f3n fue elevado a Santuario por el Excmo. Sr. Obispo Alfonso Tor\u00edz. <\/p>\n","protected":false},"excerpt":{"rendered":"<p>HISTORIA Y FIN DE LA V. CONGREGACI\u00d3N DE CL\u00c9RIGOS SECULARES Y DE SU SANTUARIO DEDICADO A LA VIRGEN DE GUADALUPE EN QUER\u00c9TARO En 1659, el Pbro. Lucas Guerrero y Rodea compr\u00f3 un solar en la Ciudad de Quer\u00e9taro, donde al sembrar trigo se encomend\u00f3 a la intercesi\u00f3n de la Sant\u00edsima Virgen de Guadalupe, prometi\u00e9ndole dedicarle [&hellip;]<\/p>\n","protected":false},"author":249,"featured_media":0,"comment_status":"open","ping_status":"closed","sticky":false,"template":"","format":"standard","meta":{"footnotes":""},"categories":[8,10,3,7,5,4,6],"tags":[],"class_list":["post-8092","post","type-post","status-publish","format-standard","hentry","category-ciudad-de-queretaro","category-historia","category-huasteca-queretana","category-queretaro-pre-hispanico","category-semidesierto","category-sierra-gorda","category-valles-centrales"],"_links":{"self":[{"href":"https:\/\/eloficiodehistoriar.com.mx\/index.php?rest_route=\/wp\/v2\/posts\/8092","targetHints":{"allow":["GET"]}}],"collection":[{"href":"https:\/\/eloficiodehistoriar.com.mx\/index.php?rest_route=\/wp\/v2\/posts"}],"about":[{"href":"https:\/\/eloficiodehistoriar.com.mx\/index.php?rest_route=\/wp\/v2\/types\/post"}],"author":[{"embeddable":true,"href":"https:\/\/eloficiodehistoriar.com.mx\/index.php?rest_route=\/wp\/v2\/users\/249"}],"replies":[{"embeddable":true,"href":"https:\/\/eloficiodehistoriar.com.mx\/index.php?rest_route=%2Fwp%2Fv2%2Fcomments&post=8092"}],"version-history":[{"count":1,"href":"https:\/\/eloficiodehistoriar.com.mx\/index.php?rest_route=\/wp\/v2\/posts\/8092\/revisions"}],"predecessor-version":[{"id":8094,"href":"https:\/\/eloficiodehistoriar.com.mx\/index.php?rest_route=\/wp\/v2\/posts\/8092\/revisions\/8094"}],"wp:attachment":[{"href":"https:\/\/eloficiodehistoriar.com.mx\/index.php?rest_route=%2Fwp%2Fv2%2Fmedia&parent=8092"}],"wp:term":[{"taxonomy":"category","embeddable":true,"href":"https:\/\/eloficiodehistoriar.com.mx\/index.php?rest_route=%2Fwp%2Fv2%2Fcategories&post=8092"},{"taxonomy":"post_tag","embeddable":true,"href":"https:\/\/eloficiodehistoriar.com.mx\/index.php?rest_route=%2Fwp%2Fv2%2Ftags&post=8092"}],"curies":[{"name":"wp","href":"https:\/\/api.w.org\/{rel}","templated":true}]}}