{"id":9103,"date":"2011-07-03T04:36:01","date_gmt":"2011-07-03T10:36:01","guid":{"rendered":"https:\/\/eloficiodehistoriar.com.mx\/?p=9103"},"modified":"2011-07-03T04:36:01","modified_gmt":"2011-07-03T10:36:01","slug":"el-obispo-de-queretaro-encabeza-desde-la-sierra-queretana-a-los-peregrinos-mas-pobres-y-pide-que-la-121-peregrinacion-anual-de-queretaro-a-la-villa-sea-un-ejemplo-para-mexico-de-que-se-puede-vivir-y","status":"publish","type":"post","link":"https:\/\/eloficiodehistoriar.com.mx\/?p=9103","title":{"rendered":"El obispo de Quer\u00e9taro encabeza desde la sierra queretana a los peregrinos m\u00e1s pobres y pide que la 121 peregrinaci\u00f3n anual de Quer\u00e9taro a la Villa sea un ejemplo para M\u00e9xico de que se puede vivir  y conviviren paz"},"content":{"rendered":"<p>Peregrinaci\u00f3n valiente y ejemplo para el pa\u00eds: Faustino<\/p>\n<p> EL OBISPO de Quer\u00e9taro, Faustino Armend\u00e1riz, encabez\u00f3 la salida de los peregrinos en la Sierra Gorda. <\/p>\n<p>Diario de Quer\u00e9taro<\/p>\n<p>Jos\u00e9 Luis Rodr\u00edguez<\/p>\n<p>ENVIADO ESPECIAL<\/p>\n<p>LANDA DE MATAMOROS<\/p>\n<p>Esta peregrinaci\u00f3n es para valientes y un ejemplo para el pa\u00eds porque demuestra que es posible tener actitudes diferentes y caminar en paz, dijo el Obispo de Quer\u00e9taro, Faustino Armend\u00e1riz Jim\u00e9nez, al dar inicio la peregrinaci\u00f3n varonil al Tepeyac, en Neblinas, Landa de Matamoros, donde enfatiz\u00f3 que les pidi\u00f3 a los caminantes ser constructores de la paz que tanto necesita M\u00e9xico.<\/p>\n<p>Despu\u00e9s de darles la bendici\u00f3n en Agua Zarca a las peregrinas que salieron un d\u00eda antes de la misma localidad, el IX Obispo de esta Di\u00f3cesis, dijo que<\/p>\n<p> \u00abla peregrinaci\u00f3n es muy semejante a nuestra vida, pero tambi\u00e9n ser\u00e1 un camino de oraci\u00f3n, de espiritualidad que alimente la fe no solo de los peregrinos sino que seamos un testimonio para la comunidad que no est\u00e1 con nosotros\u00bb.<\/p>\n<p>A los m\u00e1s de 800 romeros que salieron del \u00faltimo rinc\u00f3n de la Sierra queretana, manifest\u00f3 que \u00abnuestro mundo se puede transformar con el ejemplo y por eso esta peregrinaci\u00f3n va a contribuir para muchas situaciones en nuestro M\u00e9xico\u00bb.<\/p>\n<p>Les he pedido, a\u00f1adi\u00f3, que sea una peregrinaci\u00f3n en que se ore por la familia, y de una manera muy especial por la paz en la situaci\u00f3n coyuntural que est\u00e1 viviendo nuestro pa\u00eds.<\/p>\n<p>Monse\u00f1or Armend\u00e1riz subray\u00f3 que este \u00abes un camino para valientes, para hombres de fe, esto slo lo puede mover Dios, nadie puede hacer una convocatoria de este tama\u00f1o, de tal manera que libre y voluntariamente los peregrinos y peregrinas son capaces de aguantar estas circunstancias que humanamente no creo que a muchos les agrade\u00bb.<\/p>\n<p>Asever\u00f3 que en momentos dif\u00edciles del pa\u00eds sale esta peregrinaci\u00f3n para ver que es posible tener actitudes diferentes, caminar en paz y que un contingente de miles de personas se unan en una acci\u00f3n solidaria de oraci\u00f3n por todo el pa\u00eds que es pedir por la paz.<\/p>\n<p>\u00abEs un ejemplo de manifestaci\u00f3n de fe mariana, aqu\u00ed es una situaci\u00f3n muy especial, Quer\u00e9taro nos enorgullece de poder ser pastor de esta comunidad con tanto dinamismo donde queremos reimpulsar esta vida espiritual en tantos sectores de nuestra sociedad, principalmente en los j\u00f3venes y tambi\u00e9n en el rubro de las familias\u00bb, destac\u00f3.<\/p>\n<p>Obispo peregrino<\/p>\n<p>LANDA DE MATAMOROS <\/p>\n<p>Las intensas lluvias que han azotado la Sierra Gorda los \u00faltimos d\u00edas se detuvieron unos momentos ayer por la ma\u00f1ana para dar paso a m\u00e1s de 800 peregrinos que salieron entusiastas de la rec\u00f3ndita comunidad de Neblinas, en el municipio de Landa de Matamoros, teniendo como marco los extraordinarios paisajes de la regi\u00f3n, pero tambi\u00e9n con la amenaza de constantes deslaves de cerros que fueron la constante y obstruyeron caminos y carreteras.<\/p>\n<p>Pocos minutos despu\u00e9s de las diez de la ma\u00f1ana, en un hecho casi in\u00e9dito, el Obispo de Quer\u00e9taro, Faustino Armend\u00e1riz, con ropa adecuada para lluvia, encabez\u00f3 la salida de esta peque\u00f1a comunidad de apenas mil habitantes, en los l\u00edmites con San Luis Potos\u00ed.<\/p>\n<p>Entre neblinas -de ah\u00ed el nombre del pueblito- la columna varonil que tiene puestos los ojos a m\u00e1s de 440 kil\u00f3metros de distancia para postrarse ante la imagen guadalupana, inici\u00f3 a serpentear los caminos con una fe tan grande como los enormes cerros que imp\u00e1vidos e imponentes los miraban pasar por sus vericuetos. <\/p>\n<p>Estos hombres y ni\u00f1os le dieron continuidad a la centenaria tradici\u00f3n de peregrinar al Tepeyac al iniciar de esta manera la edici\u00f3n 121 de la romer\u00eda, aquella que inici\u00f3 en 1886, cuando un grupo de queretanos imposibilitados econ\u00f3micamente para costear el tren empezaron a caminar a la Ciudad de M\u00e9xico.<\/p>\n<p>La romer\u00eda que solo se ha visto interrumpida por unos a\u00f1os a causa de la Revoluci\u00f3n y la Guerra Cristera marca el sello mariano de estas tierras, casi irrepetible en otras regiones de la Rep\u00fablica.<\/p>\n<p>La \u00abpere\u00bb arrib\u00f3 ayer por la tarde a Agua Zarca despu\u00e9s de sortear una cuesta inicial de 15 kil\u00f3metros de terracer\u00eda para salir de la comunidad de Neblinas y entrar a pavimento. Ha sido el primero de 16 d\u00edas de caminata hasta la Bas\u00edlica de Guadalupe, a donde llegar\u00e1n por la ma\u00f1ana del domingo 17 de julio, con una columna alimentada como r\u00edo por afluentes para acoger a cerca de 30 mil varones, que arribar\u00e1n un par de horas despu\u00e9s de 18 mil mujeres y 2 mil ciclistas.<\/p>\n<p>Orar\u00e1n en su camino por la paz que no se encuentra en muchas regiones de este atribulado pa\u00eds. Tambi\u00e9n lo har\u00e1n por su Obispo anterior, don Mario de Gasper\u00edn; el IX y en funciones, Faustino Armend\u00e1riz; y por la beatificaci\u00f3n de Juan Pablo II.<\/p>\n<p>Adem\u00e1s, en su propia intimidad orar\u00e1n y pedir\u00e1n por su salud o la de sus seres queridos, por sus familias, por sus penas y congojas, por el pago de mandas y favores realizados. <\/p>\n<p>Es una peregrinaci\u00f3n democr\u00e1tica donde caminan igual campesinos, que ni\u00f1os y j\u00f3venes escolares, obreros, empresarios, pol\u00edticos. Cada quien cargando su morral y solo ellos sabiendo lo que pesa y lo que lleva dentro.<\/p>\n<p>Hist\u00f3rica la 121 peregrinaci\u00f3n<\/p>\n<p>LANDA DE MATAMOROS <\/p>\n<p>La edici\u00f3n 121 de la peregrinaci\u00f3n al Tepeyac ser\u00e1 hist\u00f3rica pues ser\u00e1 acompa\u00f1ada en diferentes momentos por tres Obispos radicados en esta Di\u00f3cesis: el que est\u00e1 en funciones, Faustino Armend\u00e1riz, y dos Obispos Em\u00e9ritos, de Quer\u00e9taro, Mario de Gasper\u00edn, y de Cuernavaca, Florencio Ochoa.<\/p>\n<p>As\u00ed lo inform\u00f3 en entrevista con DIARIO DE QUERETARO, el director espiritual de la peregrinaci\u00f3n varonil, el sacerdote Javier Bocanegra Morales, en Neblinas, Landa de Matamoros.<\/p>\n<p>Explic\u00f3 que Monse\u00f1or Armend\u00e1riz oficiar\u00e1 misa en La Noria, el domingo 10; en Canalejas, Estado de M\u00e9xico, el jueves 14; y en La Bas\u00edlica de Guadalupe, el domingo 17, a la llegada de los romeros.<\/p>\n<p>En tanto, Mario de Gasper\u00edn oficiar\u00e1 misa el lunes 11 en San Gil; y Florencio Olvera, Obispo Em\u00e9rito de Cuernavaca pero originario de esta Di\u00f3cesis y radicado en Tequisquiapan, lo har\u00e1 el 13 de julio, en El Alamo.<\/p>\n<p>El presb\u00edtero inform\u00f3 a su vez que en esta ocasi\u00f3n los fieles que caminan al cerro del Tepeyac orar\u00e1n por la familia, por el Papa Juan Pablo II y por los Obispos, Mario de Gasper\u00edn y Faustino Armend\u00e1riz.<\/p>\n<p>\u00abEste a\u00f1o nuestra Di\u00f3cesis camina trabajando la Pastoral Familiar con la prioridad que hemos llamado refundamentar la familia, todos los temas que se estar\u00e1n desarrollando a trav\u00e9s de nuestros predicadores es sobre la familia, el di\u00e1logo en la familia, el perd\u00f3n, la importancia del respeto a los padres, la fidelidad matrimonial, entre otros ser\u00e1n los temas\u00bb, refiri\u00f3. <\/p>\n<p>Tambi\u00e9n, a\u00f1adi\u00f3, tomaremos en cuenta la Beatificaci\u00f3n del Papa Juan Pablo II quien en su pontificado tuvo una especial atenci\u00f3n para la familia, y tambi\u00e9n daremos gracias a Dios por los 22 a\u00f1os de obispado de Mario de Gasper\u00edn, y dar la bienvenida a Monse\u00f1or Faustino, nuestro IX Obispo con ese lema que hemos tomado \u00abBendito el que viene en nombre del se\u00f1or\u00bb.<\/p>\n<p>El presb\u00edtero coment\u00f3 que \u00abconsiderando toda la realidad que estamos viviendo en nuestro pa\u00eds para transformarlo desde la familia como c\u00e9lula de la sociedad, como Iglesia dom\u00e9stica, oraremos por toda la situaci\u00f3n que nos ha tocado vivir en nuestra \u00e9poca\u00bb.<\/p>\n<p>Sobre los ministros de culto que van en \u00abla pere\u00bb, Bocanegra Morales detall\u00f3 que \u00abes variable el n\u00famero, pero nos estar\u00e1n acompa\u00f1ando de 20 a 30 sacerdotes que estar\u00e1n celebrando eucarist\u00eda y ofreciendo el sacramento de la reconciliaci\u00f3n\u00bb.<\/p>\n","protected":false},"excerpt":{"rendered":"<p>Peregrinaci\u00f3n valiente y ejemplo para el pa\u00eds: Faustino EL OBISPO de Quer\u00e9taro, Faustino Armend\u00e1riz, encabez\u00f3 la salida de los peregrinos en la Sierra Gorda. Diario de Quer\u00e9taro Jos\u00e9 Luis Rodr\u00edguez ENVIADO ESPECIAL LANDA DE MATAMOROS Esta peregrinaci\u00f3n es para valientes y un ejemplo para el pa\u00eds porque demuestra que es posible tener actitudes diferentes y [&hellip;]<\/p>\n","protected":false},"author":249,"featured_media":0,"comment_status":"open","ping_status":"closed","sticky":false,"template":"","format":"standard","meta":{"footnotes":""},"categories":[26],"tags":[],"class_list":["post-9103","post","type-post","status-publish","format-standard","hentry","category-mundo"],"_links":{"self":[{"href":"https:\/\/eloficiodehistoriar.com.mx\/index.php?rest_route=\/wp\/v2\/posts\/9103","targetHints":{"allow":["GET"]}}],"collection":[{"href":"https:\/\/eloficiodehistoriar.com.mx\/index.php?rest_route=\/wp\/v2\/posts"}],"about":[{"href":"https:\/\/eloficiodehistoriar.com.mx\/index.php?rest_route=\/wp\/v2\/types\/post"}],"author":[{"embeddable":true,"href":"https:\/\/eloficiodehistoriar.com.mx\/index.php?rest_route=\/wp\/v2\/users\/249"}],"replies":[{"embeddable":true,"href":"https:\/\/eloficiodehistoriar.com.mx\/index.php?rest_route=%2Fwp%2Fv2%2Fcomments&post=9103"}],"version-history":[{"count":2,"href":"https:\/\/eloficiodehistoriar.com.mx\/index.php?rest_route=\/wp\/v2\/posts\/9103\/revisions"}],"predecessor-version":[{"id":9105,"href":"https:\/\/eloficiodehistoriar.com.mx\/index.php?rest_route=\/wp\/v2\/posts\/9103\/revisions\/9105"}],"wp:attachment":[{"href":"https:\/\/eloficiodehistoriar.com.mx\/index.php?rest_route=%2Fwp%2Fv2%2Fmedia&parent=9103"}],"wp:term":[{"taxonomy":"category","embeddable":true,"href":"https:\/\/eloficiodehistoriar.com.mx\/index.php?rest_route=%2Fwp%2Fv2%2Fcategories&post=9103"},{"taxonomy":"post_tag","embeddable":true,"href":"https:\/\/eloficiodehistoriar.com.mx\/index.php?rest_route=%2Fwp%2Fv2%2Ftags&post=9103"}],"curies":[{"name":"wp","href":"https:\/\/api.w.org\/{rel}","templated":true}]}}