{"id":9106,"date":"2011-07-03T04:57:34","date_gmt":"2011-07-03T10:57:34","guid":{"rendered":"https:\/\/eloficiodehistoriar.com.mx\/?p=9106"},"modified":"2011-07-03T05:36:56","modified_gmt":"2011-07-03T11:36:56","slug":"un-oscuro-dicipulo-del-papa-es-nombrado-contra-el-consejo-de-cardenales-aezobispo-de-la-influyente-diocesis-de-milan","status":"publish","type":"post","link":"https:\/\/eloficiodehistoriar.com.mx\/?p=9106","title":{"rendered":"Un oscuro dic\u00edpulo del Papa es nombrado contra el Consejo de Cardenales Arzobispo de la influyente di\u00f3cesis de Mil\u00e1n"},"content":{"rendered":"<p>El oscuro disc\u00edpulo del Papa<\/p>\n<p>Ratzinger nombra jefe de la influyente di\u00f3cesis de Mil\u00e1n a Angelo Scola, amigo personal y miembro del movimiento ultraconservador Comuni\u00f3n y Liberaci\u00f3n <\/p>\n<p>MIGUEL MORA <\/p>\n<p>El Pa\u00eds  <\/p>\n<p>Angelo Scola y Joseph Ratzinger son buenos amigos desde hace 40 a\u00f1os. Ambos son te\u00f3logos y han ejercido en la Iglesia moderna un papel similar, de intelectuales org\u00e1nicos. El primero ense\u00f1\u00f3 en Friburgo. El segundo, en Bonn, M\u00fcnster, Tubinga y Ratisbona. Los dos coincidieron en pensamiento y doctrina en las p\u00e1ginas de la revista Communio, fundada por Ratzinger y otros eruditos en 1972 y de la que Scola fue editor, un feudo de ideas tradicionalistas y teocr\u00e1ticas frente al progresismo de Concillium. Scola tiene 69 a\u00f1os; Ratzinger, 85. Entre 1986 y 1991, Scola fue consultor de Ratzinger en la Congregaci\u00f3n para la Doctrina de la Fe. Son maestro y disc\u00edpulo.<\/p>\n<p> Benedicto XVI<\/p>\n<p>El pont\u00edfice desoye los consejos de cardenales milaneses que ven en Scola a un protector de intereses<\/p>\n<p>Cuando se conocieron, Scola era ya miembro activo de Comuni\u00f3n y Liberaci\u00f3n (CL), el movimiento cat\u00f3lico, junto al Opus Dei y los Legionarios de Cristo, m\u00e1s pr\u00f3spero y conservador de Italia, que con los a\u00f1os ha ido haci\u00e9ndose cada vez m\u00e1s rico y m\u00e1s conservador. <\/p>\n<p>CL se resume hoy en una galaxia de empresas agrupadas bajo el sello Compagnia delle Opere (m\u00e1s de 30.000 sociedades) que domina con mano de hierro el exclusivo olimpo de los opulentos negocios italo-vaticanos, o vaticalianos, y los principales despachos del poder medi\u00e1tico, de Il Foglio y la RAI a Il Giornale o La Stampa.<\/p>\n<p>Hace 30 a\u00f1os, la di\u00f3cesis de Mil\u00e1n, que desde el siglo IV se llama ambrosiana por san Ambrosio, el arzobispo guerrero que impuso la superioridad de Dios sobre el c\u00e9sar y uno de los cuatro padres de la Iglesia, expuls\u00f3 del seminario a Scola. Los seguidores de CL afirman que fue alejado por su amistad con la organizaci\u00f3n que fund\u00f3 Luigi Giussiani en Mil\u00e1n en 1954; otras fuentes sostienen que el informe diocesano afirmaba que el joven Scola sufr\u00eda depresi\u00f3n.<\/p>\n<p>Desde su inicio, Comuni\u00f3n y Liberaci\u00f3n pareci\u00f3 implicarse en las terrenales cuestiones pol\u00edticas y econ\u00f3micas tanto como en los asuntos de la fe y la caridad. Para un futuro cura ambrosiano, hist\u00f3ricamente m\u00e1s dedicados al trabajo social y el compromiso intelectual y solidario con los pobres que a las cuentas de resultados y los nombramientos de ministros o subsecretarios, CL estaba entonces vetada. Mal vista. \u00abSe pensaba que era un virus que estaba entrando en un cuerpo sano\u00bb, recuerda el vaticanista Filippo di Giacomo.<\/p>\n<p>La carrera de Scola estuvo desde ese momento unida a la de CL. En 1991 fue nombrado obispo de Grosseto, aunque poco despu\u00e9s fue transferido a la tranquila rector\u00eda de la Universidad Lateranense. <\/p>\n<p>Hasta que, en 2002, fue agraciado con el cargo de patriarca de Venecia, un puesto que siempre ha sido un trampol\u00edn hacia el papado. <\/p>\n<p>Pero Ratzinger fue elegido por sorpresa y cambi\u00f3 la historia. Scola deb\u00eda esperar.<\/p>\n<p>Ahora ha llegado el momento de la dulce vendetta. El martes pasado, Scola regres\u00f3 a Mil\u00e1n por la puerta grande del Duomo: <\/p>\n<p>como jefe de la di\u00f3cesis m\u00e1s importante, grande y rica de Europa: 1.107 parroquias agrupadas en 73 decanatos y 7 zonas pastorales. M\u00e1s de 5 millones de habitantes. Tres mil curas, 800 p\u00e1rrocos. Su llegada a Mil\u00e1n ha sido lenta y tortuosa. <\/p>\n<p>Tras devolver la decisi\u00f3n tres veces al \u00f3rgano curial colegiado que propone a los candidatos, quiz\u00e1 para que nadie le acusara de favoritismo, el Papa firm\u00f3 el nombramiento esta semana.<\/p>\n<p>Lo cierto es que, pese a las aparentes dudas papales, la anunciaci\u00f3n de Scola se conoc\u00eda en Mil\u00e1n desde antes de las elecciones municipales que gan\u00f3 el candidato de la izquierda Giuliano Pisapia, el hombre que derrot\u00f3 a Berlusconi. La campa\u00f1a de prensa de los medios de CL ha sido crucial. Al frente de ella milita un personaje apodado Betula (abedul) y bautizado como Renato Farina. Es un periodista sedicente y por ello fue expulsado del colegio de periodistas, pero entra en el Parlamento, se hace fotos con Berlusconi y mueve los hilos de la informaci\u00f3n religiosa y pol\u00edtica en prensa, radio y televisi\u00f3n junto al tambi\u00e9n ciellino Roberto Fontolan. No hace mucho, Scola afirm\u00f3 en el encuentro anual de CL que Betula era el mejor periodista de Italia, y que le gustar\u00eda que hubiera 100 como \u00e9l en el pa\u00eds.<\/p>\n<p>El nombramiento de Scola ha sorprendido menos por su amistad con el Papa que por el hecho de situar a un gran pr\u00f3cer de CL en el lugar del cardenal Dionigi Tettamanzi. <\/p>\n<p>Este hab\u00eda colaborado en la victoria de Giuliano Pisapia como alcalde. Apoy\u00f3 la necesidad de un cambio en la ciudad y cataliz\u00f3 a las bases para que votaran por el candidato excomunista frente a Berlusconi. <\/p>\n<p>Nada nuevo en realidad, porque Tettamanzi ha sido durante su mandato un azote de la derecha, y la Liga del Norte le defini\u00f3 como el im\u00e1n de Mil\u00e1n por su defensa de la integraci\u00f3n de musulmanes y gitanos.<\/p>\n<p>Sucesor del a\u00f1orado cardenal Martini, exarzobispo de Mil\u00e1n, un jesuita de gran talla, hoy enfermo de p\u00e1rkinson y que solo sale de su retiro en raras ocasiones -la \u00faltima, para visitar al Papa hace dos meses y asesorarle (en vano) sobre el nuevo arzobispo ambrosiano-, Tettamanzi ha mantenido viva la vieja impronta progresista de la curia milanesa, un contrapeso frente a la ultraconservadora y \u00e1vida curia romana.<\/p>\n<p>Nada de eso cuenta para Ratzinger. El cura genov\u00e9s Paolo Farinella ha escrito: <\/p>\n<p>\u00abLa elecci\u00f3n de Scola completa una lectura del pontificado en la cual ha muerto no solo la esperanza, sino tambi\u00e9n toda hip\u00f3tesis de esperanza. <\/p>\n<p>El Papa ha consagrado a CL como el modelo de eclesialismo rampante que se mueve con soltura incluso en los negocios turbios de la Compagnia delle Opere, ese refugio de Satan\u00e1s\u00bb. A su juicio,<\/p>\n<p> \u00abScola devolver\u00e1 a la laicista curia ambrosiana, abierta a la sociedad civil y al pluralismo, a una fase de obediencia ciega de memoria fascista\u00bb. Y a\u00f1ade:<\/p>\n<p> \u00abMirada, coraz\u00f3n, ri\u00f1ones, h\u00edgado y entra\u00f1as ser\u00e1n dirigidos hacia Trento, o mejor m\u00e1s atr\u00e1s\u00bb.<\/p>\n<p>La ruptura, la forma en que el Papa ha deso\u00eddo las sugerencias de Martini, de Tettamanzi y de muchos creyentes milaneses, tiene tambi\u00e9n su referencia pol\u00edtica: el presidente de la regi\u00f3n, Roberto Formigoni, memores domini de CL. El gobernador que acept\u00f3 colocar a la azafata Nicole Minetti (hoy acusada por los jueces de dirigir el har\u00e9n de Arcore) como diputada regional suena como sucesor de Silvio Berlusconi al frente de la futura derecha italiana. Scola ha sido investido como posible papa por Ratzinger. Y CL ve mucho m\u00e1s cerca su so\u00f1ado porvenir. <\/p>\n<p>Seg\u00fan Filippo di Giacomo, \u00abScola y Formigoni persiguen exclusivamente sus intereses personales y los del grupo que protegen y les protege. <\/p>\n<p>La llegada de Comuni\u00f3n y Liberaci\u00f3n a San Pedro y a Palacio Chigi pone los pelos de punta. Pero ese es su proyecto\u00bb.<\/p>\n<p>Farinella, el cura rojo de G\u00e9nova, cierra as\u00ed su eleg\u00eda sobre la di\u00f3cesis de San Ambrosio: <\/p>\n<p>\u00abQu\u00e9 pena ver las fotos de Scola brillando con sus pu\u00f1os dorados, con su reloj de oro, con su crucifijo de oro, con su manto rojo p\u00farpura y su sombrero de tres picos, rigurosamente rojo. <\/p>\n<p>Me pregunto si alguien vestido as\u00ed podr\u00eda entrar en el cen\u00e1culo o pegar\u00eda mejor en la corte de Nabucodonosor, entre los s\u00e1trapas y los eunucos de corte\u00bb. &#8211;<\/p>\n","protected":false},"excerpt":{"rendered":"<p>El oscuro disc\u00edpulo del Papa Ratzinger nombra jefe de la influyente di\u00f3cesis de Mil\u00e1n a Angelo Scola, amigo personal y miembro del movimiento ultraconservador Comuni\u00f3n y Liberaci\u00f3n MIGUEL MORA El Pa\u00eds Angelo Scola y Joseph Ratzinger son buenos amigos desde hace 40 a\u00f1os. Ambos son te\u00f3logos y han ejercido en la Iglesia moderna un papel [&hellip;]<\/p>\n","protected":false},"author":249,"featured_media":0,"comment_status":"open","ping_status":"closed","sticky":false,"template":"","format":"standard","meta":{"footnotes":""},"categories":[26],"tags":[],"class_list":["post-9106","post","type-post","status-publish","format-standard","hentry","category-mundo"],"_links":{"self":[{"href":"https:\/\/eloficiodehistoriar.com.mx\/index.php?rest_route=\/wp\/v2\/posts\/9106","targetHints":{"allow":["GET"]}}],"collection":[{"href":"https:\/\/eloficiodehistoriar.com.mx\/index.php?rest_route=\/wp\/v2\/posts"}],"about":[{"href":"https:\/\/eloficiodehistoriar.com.mx\/index.php?rest_route=\/wp\/v2\/types\/post"}],"author":[{"embeddable":true,"href":"https:\/\/eloficiodehistoriar.com.mx\/index.php?rest_route=\/wp\/v2\/users\/249"}],"replies":[{"embeddable":true,"href":"https:\/\/eloficiodehistoriar.com.mx\/index.php?rest_route=%2Fwp%2Fv2%2Fcomments&post=9106"}],"version-history":[{"count":3,"href":"https:\/\/eloficiodehistoriar.com.mx\/index.php?rest_route=\/wp\/v2\/posts\/9106\/revisions"}],"predecessor-version":[{"id":9108,"href":"https:\/\/eloficiodehistoriar.com.mx\/index.php?rest_route=\/wp\/v2\/posts\/9106\/revisions\/9108"}],"wp:attachment":[{"href":"https:\/\/eloficiodehistoriar.com.mx\/index.php?rest_route=%2Fwp%2Fv2%2Fmedia&parent=9106"}],"wp:term":[{"taxonomy":"category","embeddable":true,"href":"https:\/\/eloficiodehistoriar.com.mx\/index.php?rest_route=%2Fwp%2Fv2%2Fcategories&post=9106"},{"taxonomy":"post_tag","embeddable":true,"href":"https:\/\/eloficiodehistoriar.com.mx\/index.php?rest_route=%2Fwp%2Fv2%2Ftags&post=9106"}],"curies":[{"name":"wp","href":"https:\/\/api.w.org\/{rel}","templated":true}]}}