{"id":9122,"date":"2011-07-05T15:40:44","date_gmt":"2011-07-05T21:40:44","guid":{"rendered":"https:\/\/eloficiodehistoriar.com.mx\/?p=9122"},"modified":"2011-07-05T15:40:44","modified_gmt":"2011-07-05T21:40:44","slug":"los-caminos-serranos-de-queretaro-sufren-deslaves-serios","status":"publish","type":"post","link":"https:\/\/eloficiodehistoriar.com.mx\/?p=9122","title":{"rendered":"Los caminos serranos de Quer\u00e9taro sufren deslaves serios"},"content":{"rendered":"<p>Alerta por deslaves en carreteras; van 18<\/p>\n<p>Diario de Quer\u00e9taro<\/p>\n<p>H\u00e9ctor Ayala<\/p>\n<p>Las brigadas de la Comisi\u00f3n Estatal de Caminos (CEC), contin\u00faan en guardia despu\u00e9s de los efectos de la tormenta tropical Arlene, ya que con el terreno reblandecido despu\u00e9s de varios d\u00edas de lluvia y alta humedad en la zona serrana, son comunes los reacomodos de tierra que pueden ocasionar deslaves de lodo y rocas. <\/p>\n<p>Hasta ahora han sido 18 los deslaves en 5 carreteras de la zona serrana, algunos de los cuales dejaron temporalmente incomunicadas poblaciones como el municipio de San Joaqu\u00edn.<\/p>\n<p>Los trabajadores de la CEC, apoyados por 8 m\u00e1quinas pesadas y los respectivos operadores, se ubican en 3 brigadas en los municipios serranos, lo que ha permitido atender estos deslaves en s\u00f3lo un par de horas. <\/p>\n<p>Los casos que han requerido de atenci\u00f3n inmediata se han presentado en la Carretera Estatal No. 191 El Lobo-Agua Zarca, donde los deslaves en diferentes puntos han ocasionado cierres temporales. <\/p>\n<p>Otro camino afectado es la Carretera Federal Vizarr\u00f3n-San Joaqu\u00edn, que ha presentado deslave con ca\u00edda de rocas, lo cual ha sido atendido por la CEC.<\/p>\n<p>Tambi\u00e9n se han presentado deslaves en la Carrertera Estatal No. 190 La Venta-Tancoyol, y se apoy\u00f3 a las autoridades de Jalpan de Serra para liberar el acceso de la comunidad de San Antonio Tancoyol, que se hab\u00eda bloqueado por varios deslaves de roca, dejando incomunicados por algunas horas a sus habitantes; las brigadas de la Comisi\u00f3n trabajaron durante todo el d\u00eda para liberar completamente el camino. <\/p>\n<p>Otros incidentes similares se presentaron en la Carretera Estatal No. 180 La Lagunita-Tilaco, as\u00ed como en el acceso a la comunidad de los Ju\u00e1rez en el municipio de San Joaqu\u00edn, mismos que se han atendido. <\/p>\n<p>El coordinador general de la Comisi\u00f3n Estatal de Caminos (CEC), Juan Gerardo V\u00e1zquez Herrera pidi\u00f3 precauci\u00f3n a la ciudadan\u00eda, puesto que estos derrumbes son impredecibles cuando hay lluvias por lo que \u00abseguimos en alerta porque sigue chispeando, sigue lloviendo en la Sierra\u00bb. <\/p>\n<p>La colaboraci\u00f3n de la ciudadan\u00eda es importante para el mantenimiento y buen estado de las carreteras, por ello la Comisi\u00f3n Estatal de Caminos (CEC), pone a su disposici\u00f3n el tel\u00e9fono gratuito 01 800 CAMINOS (01-800-2-26-46-67), donde pueden reportar los problemas, se\u00f1ales da\u00f1adas y baches en los caminos del Estado.<\/p>\n","protected":false},"excerpt":{"rendered":"<p>Alerta por deslaves en carreteras; van 18 Diario de Quer\u00e9taro H\u00e9ctor Ayala Las brigadas de la Comisi\u00f3n Estatal de Caminos (CEC), contin\u00faan en guardia despu\u00e9s de los efectos de la tormenta tropical Arlene, ya que con el terreno reblandecido despu\u00e9s de varios d\u00edas de lluvia y alta humedad en la zona serrana, son comunes los [&hellip;]<\/p>\n","protected":false},"author":249,"featured_media":0,"comment_status":"open","ping_status":"closed","sticky":false,"template":"","format":"standard","meta":{"footnotes":""},"categories":[26],"tags":[],"class_list":["post-9122","post","type-post","status-publish","format-standard","hentry","category-mundo"],"_links":{"self":[{"href":"https:\/\/eloficiodehistoriar.com.mx\/index.php?rest_route=\/wp\/v2\/posts\/9122","targetHints":{"allow":["GET"]}}],"collection":[{"href":"https:\/\/eloficiodehistoriar.com.mx\/index.php?rest_route=\/wp\/v2\/posts"}],"about":[{"href":"https:\/\/eloficiodehistoriar.com.mx\/index.php?rest_route=\/wp\/v2\/types\/post"}],"author":[{"embeddable":true,"href":"https:\/\/eloficiodehistoriar.com.mx\/index.php?rest_route=\/wp\/v2\/users\/249"}],"replies":[{"embeddable":true,"href":"https:\/\/eloficiodehistoriar.com.mx\/index.php?rest_route=%2Fwp%2Fv2%2Fcomments&post=9122"}],"version-history":[{"count":1,"href":"https:\/\/eloficiodehistoriar.com.mx\/index.php?rest_route=\/wp\/v2\/posts\/9122\/revisions"}],"predecessor-version":[{"id":9123,"href":"https:\/\/eloficiodehistoriar.com.mx\/index.php?rest_route=\/wp\/v2\/posts\/9122\/revisions\/9123"}],"wp:attachment":[{"href":"https:\/\/eloficiodehistoriar.com.mx\/index.php?rest_route=%2Fwp%2Fv2%2Fmedia&parent=9122"}],"wp:term":[{"taxonomy":"category","embeddable":true,"href":"https:\/\/eloficiodehistoriar.com.mx\/index.php?rest_route=%2Fwp%2Fv2%2Fcategories&post=9122"},{"taxonomy":"post_tag","embeddable":true,"href":"https:\/\/eloficiodehistoriar.com.mx\/index.php?rest_route=%2Fwp%2Fv2%2Ftags&post=9122"}],"curies":[{"name":"wp","href":"https:\/\/api.w.org\/{rel}","templated":true}]}}