{"id":9124,"date":"2011-07-05T16:38:24","date_gmt":"2011-07-05T22:38:24","guid":{"rendered":"https:\/\/eloficiodehistoriar.com.mx\/?p=9124"},"modified":"2011-07-05T16:38:24","modified_gmt":"2011-07-05T22:38:24","slug":"periodista-mexicana-asilada-politica-en-espana-aguas","status":"publish","type":"post","link":"https:\/\/eloficiodehistoriar.com.mx\/?p=9124","title":{"rendered":"Periodista mexicana asilada pol\u00edtica en Espa\u00f1a -aguas-"},"content":{"rendered":"<p>La comunicadora juarense huy\u00f3 ante reiteradas amenazas por escribir sobre feminicidios<\/p>\n<p>Periodista mexicana, primera en ser asilada pol\u00edtica en Espa\u00f1a<\/p>\n<p>Las advertencias, de funcionarios estatales y federales aliados con el crimen, sostiene desde Madrid Rosa Isela P\u00e9rez<\/p>\n<p>Armando G. Tejeda<\/p>\n<p>La Jornada<\/p>\n<p>Rosa Isela P\u00e9rez es la primera periodista mexicana con el estatus de asilada pol\u00edtica en Espa\u00f1a. Se fue de M\u00e9xico asustada por las reiteradas amenazas que sufri\u00f3 durante a\u00f1os por sus investigaciones sobre los feminicidios en su natal Ciudad Ju\u00e1rez, pero tambi\u00e9n a ra\u00edz de su testimonio en el caso del Campo Algodonero en la Corte Interamericana de Derechos Humanos (CIDH).<\/p>\n<p>Las amenazas \u2013sostiene\u2013 proced\u00edan de funcionarios p\u00fablicos estatales y federales aliados con el crimen organizado. Temi\u00f3 por su vida y la de su familia \u2013su esposo y sus tres hijos de 15, 14 y 5 a\u00f1os de edad\u2013, y ante la pasividad del gobierno decidi\u00f3 convertirse en una de los 40 mil mexicanos que en los \u00faltimos cuatro a\u00f1os han solicitado asilo en otros pa\u00edses ante el riesgo latente y real de ser ejecutados, levantados, secuestrados o mutilados.<\/p>\n<p>Todo empeor\u00f3 con la guerra de Calder\u00f3n<\/p>\n<p>Para los que somos de all\u00e1 no existe duda de que todo empeor\u00f3 con la llegada del Ej\u00e9rcito y la guerra de Calder\u00f3n; recuerdo c\u00f3mo los militares se met\u00edan por la noche a casas de gente inocente, siempre pobres, para acusarlos de narcotraficantes o de secuestradores. Y toda esa gente \u00bfd\u00f3nde est\u00e1?, \u00bfqu\u00e9 ha sido de ellos?, se pregunta esta joven periodista mexicana en una ciudad de Espa\u00f1a en la que reside desde hace poco m\u00e1s de un a\u00f1o, y que por motivos de seguridad prefiere guardar en secreto.<\/p>\n<p>Su historia \u2013sostiene\u2013 es una muestra m\u00e1s del deterioro que ha vivido el pa\u00eds en los \u00faltimos a\u00f1os, sometido a una guerra donde los que siempre perdemos somos la sociedad civil. Ella y su familia vivieron una pesadilla desde que en su condici\u00f3n de periodista empez\u00f3 a escribir sobre los feminicidios, alrededor de 2001, para el peri\u00f3dico El Norte, de Ciudad Ju\u00e1rez. Tambi\u00e9n escrib\u00eda sobre cuestiones pol\u00edticas, de los partidos, pero cuando cambi\u00f3 el gobierno tambi\u00e9n cambi\u00f3 la l\u00ednea editorial del peri\u00f3dico y decidieron despedirme injustificadamente a ra\u00edz de presiones internas. Al mismo tiempo que me despidieron, en 2005, se acabaron las amenazas. Lleg\u00f3 el silencio.<\/p>\n<p>Un silencio que s\u00f3lo dur\u00f3 unos a\u00f1os, pues cuando decidi\u00f3 prestar declaraci\u00f3n sobre el caso Campo Algodonero ante la CIDH \u2013en el que una sentencia hist\u00f3rica declar\u00f3 culpable al Estado mexicano\u2013, volvieron las amenazas, las noches sin dormir, el miedo a que se ensa\u00f1aran con sus hijos, volver a asumir como cotidianas las medidas de autoprotecci\u00f3n. As\u00ed lo explica en entrevista con La Jornada:<\/p>\n<p>\u201cEn 2009 acept\u00e9 dar el testimonio y unos d\u00edas despu\u00e9s de la audiencia la Secretar\u00eda de Gobernaci\u00f3n se puso en contacto conmigo dizque para cumplir con las medidas de protecci\u00f3n que hab\u00eda dictado la CIDH para los testigos y v\u00edctimas del caso. Casi de forma simult\u00e1nea a que me llam\u00f3 Gobernaci\u00f3n volvieron las amenazas, ahora m\u00e1s seguidas, con mensajes electr\u00f3nicos, llamadas telef\u00f3nicas e incluso seguimientos personales.<\/p>\n<p>\u201cY era a diario, en mi casa, en casa de mi mam\u00e1, y hasta sab\u00edan d\u00f3nde viv\u00edan otros familiares. Eran mensajes raros, como intencionadamente mal escritos, con insultos o en los que simplemente pon\u00edan: aqu\u00ed los asesinos.\u201d<br \/>\nLa situaci\u00f3n empeor\u00f3, el miedo carcom\u00eda y viv\u00edan casi recluidos en su domicilio, con sus hijos sin ir a la escuela. Una noche decidieron emigrar de la ciudad en la que hab\u00edan crecido. Casi sin dec\u00edrselo a nadie \u2013por miedo y desconfianza\u2013 se fueron de forma discreta a la ciudad de M\u00e9xico, donde estuvieron cuatro meses, viviendo primero en un centro administrado por monjas y despu\u00e9s en una casa de ayuda de una agrupaci\u00f3n de defensa de los derechos humanos.<\/p>\n<p>\u201cEl abogado se puso en contacto con el gobierno federal para explicarles nuestra situaci\u00f3n y para apelar de la resoluci\u00f3n de la CIDH que obligaba a garantizar nuestra seguridad. Y lo \u00fanico que ofreci\u00f3 el gobierno de Felipe Calder\u00f3n fue un tel\u00e9fono celular.<\/p>\n<p>\u201cObviamente no lo aceptamos y entendimos que era una burla, pues adem\u00e1s nos acusaron de mentir y de inventar las amenazas, en concreto los representantes de las secretar\u00edas de Gobernaci\u00f3n y de Relaciones Exteriores.<\/p>\n<p>Y mientras tanto segu\u00edan llegando los mensajes y las amenazas, hasta el punto en que mi mam\u00e1 se tuvo que cambiar de casa. Entonces decidimos huir de M\u00e9xico; no est\u00e1bamos dispuestos a esperar a que nos pasara algo y luego lamentarnos.<\/p>\n<p>Analizaron varias opciones, pero finalmente optaron por Espa\u00f1a, pa\u00eds que nunca hab\u00eda concedido a una periodista mexicana la condici\u00f3n de asilada pol\u00edtica o de refugiado, que supone el reconocimiento expl\u00edcito de que el Estado de origen es incapaz de garantizar la seguridad o que supone una amenaza para esa persona.<\/p>\n<p>Al llegar a Madrid, en calidad de turista, comenz\u00f3 los tr\u00e1mites para recibir la condici\u00f3n de asilada pol\u00edtica a trav\u00e9s del Comit\u00e9 de Ayuda al Refugiado y del Consejo General de la Abogac\u00eda Espa\u00f1ola. Primero pas\u00f3 11 meses \u2013con su familia\u2013 en un centro de apoyo a refugiados, en el que convivi\u00f3 con otros perseguidos pol\u00edticos de Afganist\u00e1n, Colombia, Sri Lanka, Palestina, Ir\u00e1n, Ghana y Mali. Despu\u00e9s de fue a vivir con su familia a una peque\u00f1a vivienda, merced a la ayuda de menos de mil euros mensuales que le permiti\u00f3 recuperar un techo familiar.<\/p>\n<p>La noticia lleg\u00f3 el 28 de septiembre de 2010, cuando el tribunal acept\u00f3 las numerosas pruebas y testimonios que demostraban que su vida corr\u00eda peligro en M\u00e9xico, que las autoridades no hab\u00edan hecho nada para protegerla y que esas autoridades formaban parte de la misma amenaza.<\/p>\n<p>\u201cCreo que las cosas han empeorado all\u00e1. Nos doli\u00f3 saber del asesinato de Manuel Arroyo, quien se dedic\u00f3 a denunciar las mentiras de la procuradur\u00eda y del gobierno federal y estatal, as\u00ed como la situaci\u00f3n de la familia Reyes, de Marisela Escobedo&#8230;<\/p>\n<p>Es muy doloroso adem\u00e1s ver que todo eso ocurre en la ciudad en la que naciste y creciste, concluye desde la lejan\u00eda Rosa Isela P\u00e9rez, quien por su condici\u00f3n de refugiada al \u00fanico pa\u00eds del mundo al que no puede ir es a M\u00e9xico.<\/p>\n","protected":false},"excerpt":{"rendered":"<p>La comunicadora juarense huy\u00f3 ante reiteradas amenazas por escribir sobre feminicidios Periodista mexicana, primera en ser asilada pol\u00edtica en Espa\u00f1a Las advertencias, de funcionarios estatales y federales aliados con el crimen, sostiene desde Madrid Rosa Isela P\u00e9rez Armando G. Tejeda La Jornada Rosa Isela P\u00e9rez es la primera periodista mexicana con el estatus de asilada [&hellip;]<\/p>\n","protected":false},"author":249,"featured_media":0,"comment_status":"open","ping_status":"closed","sticky":false,"template":"","format":"standard","meta":{"footnotes":""},"categories":[26],"tags":[],"class_list":["post-9124","post","type-post","status-publish","format-standard","hentry","category-mundo"],"_links":{"self":[{"href":"https:\/\/eloficiodehistoriar.com.mx\/index.php?rest_route=\/wp\/v2\/posts\/9124","targetHints":{"allow":["GET"]}}],"collection":[{"href":"https:\/\/eloficiodehistoriar.com.mx\/index.php?rest_route=\/wp\/v2\/posts"}],"about":[{"href":"https:\/\/eloficiodehistoriar.com.mx\/index.php?rest_route=\/wp\/v2\/types\/post"}],"author":[{"embeddable":true,"href":"https:\/\/eloficiodehistoriar.com.mx\/index.php?rest_route=\/wp\/v2\/users\/249"}],"replies":[{"embeddable":true,"href":"https:\/\/eloficiodehistoriar.com.mx\/index.php?rest_route=%2Fwp%2Fv2%2Fcomments&post=9124"}],"version-history":[{"count":1,"href":"https:\/\/eloficiodehistoriar.com.mx\/index.php?rest_route=\/wp\/v2\/posts\/9124\/revisions"}],"predecessor-version":[{"id":9125,"href":"https:\/\/eloficiodehistoriar.com.mx\/index.php?rest_route=\/wp\/v2\/posts\/9124\/revisions\/9125"}],"wp:attachment":[{"href":"https:\/\/eloficiodehistoriar.com.mx\/index.php?rest_route=%2Fwp%2Fv2%2Fmedia&parent=9124"}],"wp:term":[{"taxonomy":"category","embeddable":true,"href":"https:\/\/eloficiodehistoriar.com.mx\/index.php?rest_route=%2Fwp%2Fv2%2Fcategories&post=9124"},{"taxonomy":"post_tag","embeddable":true,"href":"https:\/\/eloficiodehistoriar.com.mx\/index.php?rest_route=%2Fwp%2Fv2%2Ftags&post=9124"}],"curies":[{"name":"wp","href":"https:\/\/api.w.org\/{rel}","templated":true}]}}