{"id":9126,"date":"2011-07-05T17:04:59","date_gmt":"2011-07-05T23:04:59","guid":{"rendered":"https:\/\/eloficiodehistoriar.com.mx\/?p=9126"},"modified":"2011-07-05T19:47:55","modified_gmt":"2011-07-06T01:47:55","slug":"luces-sobre-la-muerte-del-constitucionalista-venusatiano-carranza","status":"publish","type":"post","link":"https:\/\/eloficiodehistoriar.com.mx\/?p=9126","title":{"rendered":"LUCES SOBRE LA MUERTE DEL CONSTITUCIONALISTA VENUSTIANO CARRANZA"},"content":{"rendered":"<p>A Carranza lo mataron, no se suicid\u00f3: historiador<\/p>\n<p>Juan Pablo Proal Mantilla<\/p>\n<p>Cultura y Espectaculos<\/p>\n<p>(apro)<\/p>\n<p>.- Lejos de la hip\u00f3tesis difundida por los historiadores, Venustiano Carranza no se suicid\u00f3: fue asesinado.<\/p>\n<p>A esta conclusi\u00f3n lleg\u00f3 el cronista e investigador Miguel \u00c1ngel Andrade Rivera, quien recorri\u00f3 la ruta de Carranza, pasando por Zacatepec, Temextla, Patla, y Santa Lugarda; Cuatro Ci\u00e9negas, Monclova y Saltillo, en Coahuila<\/p>\n<p>La investigaci\u00f3n de Andrade es una deuda con su biograf\u00eda personal. Leyendo al escritor Luis Cabrera, se percat\u00f3 que en sus obras hablaba de Modestia \u00c1lvarez Vargas, t\u00eda-abuela de Miguel \u00c1ngel Andrade: \u201cEmpec\u00e9 a recorrer la sierra para recoger los testimonios de los sobrevivientes que trataron de cerca a Venustiano Carranza, tom\u00e9 fotos, hurgu\u00e9 archivos personales y recog\u00ed testimonios\u201d.<\/p>\n<p>As\u00ed se confeccion\u00f3 \u201cUn mantel oloroso a p\u00f3lvora\u201d, novela hist\u00f3rica publicada con la firma de Miguel \u00c1ngel Andrade por la Secretar\u00eda de Cultura de Puebla.<\/p>\n<p>En su libro \u201cCarranza puente entre siglos\u201d, el historiador Enrique Krauze refiere que la ma\u00f1ana del 21 de mayo de 1920 Carranza se suicid\u00f3.<\/p>\n<p>En su investigaci\u00f3n, Andrade encontr\u00f3 que Carranza ten\u00eda dos balas en el pecho y la trayectoria del proyectil claramente indica que le dispararon de frente.<\/p>\n<p>En su novela, Andrade pone a la mente de Carranza a hablar como un personaje con vida propia, internado en la sierra de Puebla, a ra\u00edz de las embestidas de los firmantes del plan de Agua Prieta. A partir de ah\u00ed, mediante escenas narrativas, reconstruye la historia que recogi\u00f3 a partir de testimonios.<\/p>\n<p>Miguel \u00c1ngel Andrade Rivera naci\u00f3 en Poza Rica, Veracruz, el 9 de septiembre de 1959. Fue becario en Letras del Fondo Estatal para la Cultura y las Artes del Estado de Puebla. En 2009 este fondo determin\u00f3 financiar la investigaci\u00f3n de su proyecto de novela \u201cUna mantel oloroso a p\u00f3lvora\u201d.<\/p>\n","protected":false},"excerpt":{"rendered":"<p>A Carranza lo mataron, no se suicid\u00f3: historiador Juan Pablo Proal Mantilla Cultura y Espectaculos (apro) .- Lejos de la hip\u00f3tesis difundida por los historiadores, Venustiano Carranza no se suicid\u00f3: fue asesinado. A esta conclusi\u00f3n lleg\u00f3 el cronista e investigador Miguel \u00c1ngel Andrade Rivera, quien recorri\u00f3 la ruta de Carranza, pasando por Zacatepec, Temextla, Patla, [&hellip;]<\/p>\n","protected":false},"author":249,"featured_media":0,"comment_status":"open","ping_status":"closed","sticky":false,"template":"","format":"standard","meta":{"footnotes":""},"categories":[26],"tags":[],"class_list":["post-9126","post","type-post","status-publish","format-standard","hentry","category-mundo"],"_links":{"self":[{"href":"https:\/\/eloficiodehistoriar.com.mx\/index.php?rest_route=\/wp\/v2\/posts\/9126","targetHints":{"allow":["GET"]}}],"collection":[{"href":"https:\/\/eloficiodehistoriar.com.mx\/index.php?rest_route=\/wp\/v2\/posts"}],"about":[{"href":"https:\/\/eloficiodehistoriar.com.mx\/index.php?rest_route=\/wp\/v2\/types\/post"}],"author":[{"embeddable":true,"href":"https:\/\/eloficiodehistoriar.com.mx\/index.php?rest_route=\/wp\/v2\/users\/249"}],"replies":[{"embeddable":true,"href":"https:\/\/eloficiodehistoriar.com.mx\/index.php?rest_route=%2Fwp%2Fv2%2Fcomments&post=9126"}],"version-history":[{"count":3,"href":"https:\/\/eloficiodehistoriar.com.mx\/index.php?rest_route=\/wp\/v2\/posts\/9126\/revisions"}],"predecessor-version":[{"id":9128,"href":"https:\/\/eloficiodehistoriar.com.mx\/index.php?rest_route=\/wp\/v2\/posts\/9126\/revisions\/9128"}],"wp:attachment":[{"href":"https:\/\/eloficiodehistoriar.com.mx\/index.php?rest_route=%2Fwp%2Fv2%2Fmedia&parent=9126"}],"wp:term":[{"taxonomy":"category","embeddable":true,"href":"https:\/\/eloficiodehistoriar.com.mx\/index.php?rest_route=%2Fwp%2Fv2%2Fcategories&post=9126"},{"taxonomy":"post_tag","embeddable":true,"href":"https:\/\/eloficiodehistoriar.com.mx\/index.php?rest_route=%2Fwp%2Fv2%2Ftags&post=9126"}],"curies":[{"name":"wp","href":"https:\/\/api.w.org\/{rel}","templated":true}]}}