{"id":9129,"date":"2011-07-05T17:15:51","date_gmt":"2011-07-05T23:15:51","guid":{"rendered":"https:\/\/eloficiodehistoriar.com.mx\/?p=9129"},"modified":"2011-07-05T17:15:51","modified_gmt":"2011-07-05T23:15:51","slug":"la-copa-america-y-la-argentina","status":"publish","type":"post","link":"https:\/\/eloficiodehistoriar.com.mx\/?p=9129","title":{"rendered":"La Copa Am\u00e9rica y La Argentina"},"content":{"rendered":"<p>La Copa de Am\u00e9rica compite con la cr\u00f3nica negra<\/p>\n<p>Para los argentinos tendr\u00eda mucho m\u00e1s tir\u00f3n la posible resoluci\u00f3n de dos famosos asesinatos que la Copa Am\u00e9rica en Argentina <\/p>\n<p>La relaci\u00f3n entre los argentinos y la Copa Am\u00e9rica sigue fr\u00eda. Es posible que el partido contra Colombia, ma\u00f1ana mi\u00e9rcoles, en Santa Fe, mejore el clima, pero, de momento, lo \u00fanico que de verdad trae locos a muchos argentinos es la cr\u00f3nica negra. Claro que no estamos hablando de asesinatos normales y corrientes, sino de dos casos realmente fant\u00e1sticos.<\/p>\n<p>El m\u00e1s espectacular es el llamado Caso Belsunce, Mar\u00eda Marta Garc\u00eda Belsunce, una mujer, soci\u00f3loga de profesi\u00f3n, que muri\u00f3 de cinco tiros en la cabeza pero que, seg\u00fan todos sus allegados, marido, cu\u00f1ada, masajista e, incluso, el primer m\u00e9dico que la atendi\u00f3, \u00abno se le notaban\u00bb. As\u00ed que certificaron que se hab\u00eda dado un golpe contra un grifo al caerse en la ba\u00f1era, en su bonita casa en una urbanizaci\u00f3n cercana a Buenos Aires, y la enterraron tranquilamente. Eso ocurri\u00f3 en octubre de 2002, una \u00e9poca un poco loca en Argentina. <\/p>\n<p>Un par de meses despu\u00e9s, una unidad policial dedicada a delitos fiscales empez\u00f3 a revolver y termin\u00f3 pidiendo una autopsia. Aparecieron entonces nada menos que cinco balas, eso s\u00ed, del calibre 32; es decir peque\u00f1as, que se hab\u00edan quedado alojadas en el cr\u00e1neo. Los forenses juran que no es verdad que, como se rumoreaba con mala intenci\u00f3n, los orificios de entrada se hubieran tapado con La Gotita, el pegamento m\u00e1s popular del pa\u00eds. Ahora est\u00e1n juzgando al marido y parte de la parentela.<\/p>\n<p>El otro, el Caso Solange, tiene menos fantas\u00eda, pero afecta a dos chicas j\u00f3venes, guapas y de buena familia, lo que provoca mucho morbo. Una, Solange Grabenheimer, muri\u00f3 asesinada. Y la otra, Lucila Frend, su compa\u00f1era de piso, enfrenta la posibilidad de una cadena perpetua si se demuestra que la apu\u00f1al\u00f3. <\/p>\n<p>El hecho ocurri\u00f3 en 2007, cuando las dos chicas ten\u00edan 21 a\u00f1os, pero hasta ahora ni los polic\u00edas ni los fiscales ni los forenses se hab\u00edan puesto de acuerdo sobre la hora de la muerte, dato decisivo, y Lucila hab\u00eda seguido con su vida normal, viajando por muchos pa\u00edses como productora de un espect\u00e1culo de dinosaurios robotizados.<\/p>\n<p>Lo peor que le podr\u00eda suceder a la Copa Am\u00e9rica es que a los jueces les d\u00e9 por pronunciar sus sentencias dentro de unos pocos d\u00edas, porque entonces es posible que el Argentina-Costa Rica del pr\u00f3ximo mi\u00e9rcoles, en C\u00f3rdoba, fuera un desastre de audiencia, arrastrada por el g\u00e9nero televisivo delitos de ricos que tanto gusta en Argentina. Los deportistas no tienen nada que hacer frente al delito sofisticado. Ellos mismos, cuando cometen cr\u00edmenes, lo hacen a lo bestia. Carlos Monz\u00f3n, el gran boxeador argentino, tir\u00f3 a mujer por la ventana. A su colega Oscar Bonavena le pas\u00f3 lo contrario: le mat\u00f3 un vigilante del entonces famoso prost\u00edbulo Mustang Ranch. Y el pobre Lucas Viatri, el jugador del Boca que, por fin, va a sustituir a Mart\u00edn Palermo, tuvo que hacer durante una temporada trabajos comunitarios porque un peluquero de su barrio, que asisti\u00f3 a su debut como jugador en la Bombonera, le identific\u00f3 como uno de los muchachos que le hab\u00edan asaltado pocos d\u00edas antes para robarle unos centenares de pesos y un par de buenas tijeras.<\/p>\n","protected":false},"excerpt":{"rendered":"<p>La Copa de Am\u00e9rica compite con la cr\u00f3nica negra Para los argentinos tendr\u00eda mucho m\u00e1s tir\u00f3n la posible resoluci\u00f3n de dos famosos asesinatos que la Copa Am\u00e9rica en Argentina La relaci\u00f3n entre los argentinos y la Copa Am\u00e9rica sigue fr\u00eda. Es posible que el partido contra Colombia, ma\u00f1ana mi\u00e9rcoles, en Santa Fe, mejore el clima, [&hellip;]<\/p>\n","protected":false},"author":249,"featured_media":0,"comment_status":"open","ping_status":"closed","sticky":false,"template":"","format":"standard","meta":{"footnotes":""},"categories":[26],"tags":[],"class_list":["post-9129","post","type-post","status-publish","format-standard","hentry","category-mundo"],"_links":{"self":[{"href":"https:\/\/eloficiodehistoriar.com.mx\/index.php?rest_route=\/wp\/v2\/posts\/9129","targetHints":{"allow":["GET"]}}],"collection":[{"href":"https:\/\/eloficiodehistoriar.com.mx\/index.php?rest_route=\/wp\/v2\/posts"}],"about":[{"href":"https:\/\/eloficiodehistoriar.com.mx\/index.php?rest_route=\/wp\/v2\/types\/post"}],"author":[{"embeddable":true,"href":"https:\/\/eloficiodehistoriar.com.mx\/index.php?rest_route=\/wp\/v2\/users\/249"}],"replies":[{"embeddable":true,"href":"https:\/\/eloficiodehistoriar.com.mx\/index.php?rest_route=%2Fwp%2Fv2%2Fcomments&post=9129"}],"version-history":[{"count":1,"href":"https:\/\/eloficiodehistoriar.com.mx\/index.php?rest_route=\/wp\/v2\/posts\/9129\/revisions"}],"predecessor-version":[{"id":9130,"href":"https:\/\/eloficiodehistoriar.com.mx\/index.php?rest_route=\/wp\/v2\/posts\/9129\/revisions\/9130"}],"wp:attachment":[{"href":"https:\/\/eloficiodehistoriar.com.mx\/index.php?rest_route=%2Fwp%2Fv2%2Fmedia&parent=9129"}],"wp:term":[{"taxonomy":"category","embeddable":true,"href":"https:\/\/eloficiodehistoriar.com.mx\/index.php?rest_route=%2Fwp%2Fv2%2Fcategories&post=9129"},{"taxonomy":"post_tag","embeddable":true,"href":"https:\/\/eloficiodehistoriar.com.mx\/index.php?rest_route=%2Fwp%2Fv2%2Ftags&post=9129"}],"curies":[{"name":"wp","href":"https:\/\/api.w.org\/{rel}","templated":true}]}}