{"id":9134,"date":"2011-07-05T19:13:00","date_gmt":"2011-07-06T01:13:00","guid":{"rendered":"https:\/\/eloficiodehistoriar.com.mx\/?p=9134"},"modified":"2011-07-05T19:13:00","modified_gmt":"2011-07-06T01:13:00","slug":"indignacion-y-pesame-del-obispo-raul-vera-a-la-diocesis-de-matamoros-por-el-asesinato-del-padre-marco-antonio-duran","status":"publish","type":"post","link":"https:\/\/eloficiodehistoriar.com.mx\/?p=9134","title":{"rendered":"Indignaci\u00f3n y p\u00e9same del Obispo Ra\u00fal Vera a la Di\u00f3cesis de Matamoros por el asesinato del Padre Marco Antonio Dur\u00e1n"},"content":{"rendered":"<p>Fr. Ra\u00fal Vera, O.P. a la Di\u00f3cesis de Matamoros y a la Parroquia de San Roberto Belarmino, con motivo de la muerte del Padre Marco Antonio Duran<\/p>\n<p>Ante la muy lamentable p\u00e9rdida del Padre Marco Antonio Dur\u00e1n, querido amigo, y  por la imposibilidad de trasladarme a esa ciudad para acompa\u00f1ar a la comunidad diocesana de Matamoros y a la comunidad parroquial de San Roberto Belarmino, quiero expresar mi dolor sincero y mi indignaci\u00f3n por su muerte.<\/p>\n<p>Dolor porque perdimos a una persona valiosa, que en su ministerio sacerdotal estaba haciendo mucho bien, sus aptitudes para valerse de los medios de comunicaci\u00f3n en el trabajo pastoral, lo convirtieron en un evangelizador de amplio impacto en la sociedad. Esto es una muestra de su celo y preocupaci\u00f3n pastoral, para que el Se\u00f1or Jes\u00fas fuera conocido, amado y aceptado como rector de la comunidad humana.<\/p>\n<p>Indignaci\u00f3n porque, al igual que la de muchos mexicanos en este momento, la vida del Padre Marco fue cegada prematuramente a causa de la terquedad e irracionalidad del jefe del Ejecutivo Federal, que se empe\u00f1a en mantener una guerra absurda, no solamente contra el crimen organizado, sino contra los ciudadanos de este pa\u00eds, pues en su af\u00e1n de resolver la violencia de las mafias por medio de la violencia de las fuerzas armadas, se dispara lo mismo contra criminales que contra ciudadanos de la calle, contra familias y contra j\u00f3venes, contra ni\u00f1os, contra padres y madres de familia, y en esta ocasi\u00f3n se fueron contra un sacerdote.<\/p>\n<p>Por este medio quiero solidarizarme de todo coraz\u00f3n con ustedes hermanos y hermanas de la Di\u00f3cesis de Matamoros, de la Parroquia de San Roberto y con la familia del Padre Marco. Lamento much\u00edsimo su muerte, pero tambi\u00e9n me uno al testimonio de esperanza cristiana de todas y todos ustedes; junto con ustedes tambi\u00e9n alabo y bendigo a Dios por la vida del Padre Marco, en la que se ha manifestado de un modo muy especial la infinita misericordia Dios. Me alegro junto con ustedes al ver hoy en el cielo a nuestro hermano, a quien sin duda el Se\u00f1or ha recibido como el siervo, que por haber sido fiel en lo poco, recibe ahora el encargo de lo mucho, para interceder por nosotros ante la Majestad Divina.<\/p>\n<p>Les abrazo y les bendigo con mucho cari\u00f1o, para expresarles mis sentidas condolencias. Descanse en Paz el Padre Marco, y Viva eternamente junto a Dios y al lado de Mar\u00eda Sant\u00edsima, a quien tanto quiso \u00e9l desde esta tierra.<\/p>\n<p>Saltillo, Coah., 4 de julio de 2011<\/p>\n<p>Fr. Ra\u00fal Vera L\u00f3opez, O.P.<br \/>\nObispo de Saltillo<\/p>\n","protected":false},"excerpt":{"rendered":"<p>Fr. Ra\u00fal Vera, O.P. a la Di\u00f3cesis de Matamoros y a la Parroquia de San Roberto Belarmino, con motivo de la muerte del Padre Marco Antonio Duran Ante la muy lamentable p\u00e9rdida del Padre Marco Antonio Dur\u00e1n, querido amigo, y por la imposibilidad de trasladarme a esa ciudad para acompa\u00f1ar a la comunidad diocesana de [&hellip;]<\/p>\n","protected":false},"author":249,"featured_media":0,"comment_status":"open","ping_status":"closed","sticky":false,"template":"","format":"standard","meta":{"footnotes":""},"categories":[26],"tags":[],"class_list":["post-9134","post","type-post","status-publish","format-standard","hentry","category-mundo"],"_links":{"self":[{"href":"https:\/\/eloficiodehistoriar.com.mx\/index.php?rest_route=\/wp\/v2\/posts\/9134","targetHints":{"allow":["GET"]}}],"collection":[{"href":"https:\/\/eloficiodehistoriar.com.mx\/index.php?rest_route=\/wp\/v2\/posts"}],"about":[{"href":"https:\/\/eloficiodehistoriar.com.mx\/index.php?rest_route=\/wp\/v2\/types\/post"}],"author":[{"embeddable":true,"href":"https:\/\/eloficiodehistoriar.com.mx\/index.php?rest_route=\/wp\/v2\/users\/249"}],"replies":[{"embeddable":true,"href":"https:\/\/eloficiodehistoriar.com.mx\/index.php?rest_route=%2Fwp%2Fv2%2Fcomments&post=9134"}],"version-history":[{"count":2,"href":"https:\/\/eloficiodehistoriar.com.mx\/index.php?rest_route=\/wp\/v2\/posts\/9134\/revisions"}],"predecessor-version":[{"id":9136,"href":"https:\/\/eloficiodehistoriar.com.mx\/index.php?rest_route=\/wp\/v2\/posts\/9134\/revisions\/9136"}],"wp:attachment":[{"href":"https:\/\/eloficiodehistoriar.com.mx\/index.php?rest_route=%2Fwp%2Fv2%2Fmedia&parent=9134"}],"wp:term":[{"taxonomy":"category","embeddable":true,"href":"https:\/\/eloficiodehistoriar.com.mx\/index.php?rest_route=%2Fwp%2Fv2%2Fcategories&post=9134"},{"taxonomy":"post_tag","embeddable":true,"href":"https:\/\/eloficiodehistoriar.com.mx\/index.php?rest_route=%2Fwp%2Fv2%2Ftags&post=9134"}],"curies":[{"name":"wp","href":"https:\/\/api.w.org\/{rel}","templated":true}]}}