{"id":9139,"date":"2011-07-06T01:44:02","date_gmt":"2011-07-06T07:44:02","guid":{"rendered":"https:\/\/eloficiodehistoriar.com.mx\/?p=9139"},"modified":"2011-07-06T01:46:59","modified_gmt":"2011-07-06T07:46:59","slug":"multicolor","status":"publish","type":"post","link":"https:\/\/eloficiodehistoriar.com.mx\/?p=9139","title":{"rendered":"Multicolor"},"content":{"rendered":"<p>El pasado domingo 3 de julio se present\u00f3 el grupo Motel en el Auditorio Josefa Ortiz de Dom\u00ednguez en la ciudad de Quer\u00e9taro, dentro de las celebraciones llevadas a cabo por la Secretar\u00eda de la Juventud con motivo del Mundial de Futbol Sub-17 del cual ha participado como sede la capital queretana.<\/p>\n<p>La banda integrada por Rodrigo D\u00e1vila, Pepe Dami\u00e1n, Billy M\u00e9ndez, Rub\u00e9n Puente, y a la cual se ha integrado recientemente el m\u00fasico Lino Casta\u00f1ares se present\u00f3 ante un p\u00fablico de m\u00e1s de 3000 personas con una excelente y bien cuidada producci\u00f3n tanto visual como musical clausurando as\u00ed la campa\u00f1a \u201cMundial Cerca de Todos\u201d.<\/p>\n<p>Habiendo lanzado recientemente el nuevo sencillo de su tercer material discogr\u00e1fico, la agrupaci\u00f3n mexicana anunci\u00f3 la reedici\u00f3n de su disco \u201cMulticolor\u201d, con temas in\u00e9ditos, entre ellos la canci\u00f3n Aurora, que form\u00f3 parte del soundtrack de la pel\u00edcula \u201cOveja Negra\u201d, esta reedici\u00f3n saldr\u00e1 a la venta el pr\u00f3ximo 30 de Agosto.<\/p>\n<p>Actualmente Motel se encuentra promocionando su m\u00e1s reciente sencillo titulado \u201cEntre Caminos\u201d, en una versi\u00f3n diferente a la ya editada, donde hacen dueto con la cantante espa\u00f1ola y sobrina de Miguel Bos\u00e9, Bimba Bos\u00e9 y que se escucha ya en las principales estaciones del pa\u00eds desde el pasado 27 de junio. El grupo de rock pop mexicano grabar\u00e1 en pr\u00f3ximas fechas el video promocional de este tema, por lo cual viajar\u00e1n a Espa\u00f1a.<\/p>\n<p>Dentro de los planes de la agrupaci\u00f3n tambi\u00e9n se incluye una presentaci\u00f3n en el Teatro Metrop\u00f3litan de la cual esperan anunciar una fecha pr\u00f3ximamente.<\/p>\n<p><a target='_blank' title='ImageShack - Image And Video Hosting' href='http:\/\/imageshack.us\/photo\/my-images\/402\/1019391.jpg\/'><img src='http:\/\/img402.imageshack.us\/img402\/9544\/1019391.jpg' border='0' \/><\/a><\/p>\n<p><a target='_blank' title='ImageShack - Image And Video Hosting' href='http:\/\/imageshack.us\/photo\/my-images\/814\/1019307.jpg\/'><img src='http:\/\/img814.imageshack.us\/img814\/1333\/1019307.jpg' border='0' \/><\/a><\/p>\n<p><a target='_blank' title='ImageShack - Image And Video Hosting' href='http:\/\/imageshack.us\/photo\/my-images\/84\/1019315.jpg\/'><img src='http:\/\/img84.imageshack.us\/img84\/263\/1019315.jpg' border='0' \/><\/a><\/p>\n<p><a target='_blank' title='ImageShack - Image And Video Hosting' href='http:\/\/imageshack.us\/photo\/my-images\/714\/1019356.jpg\/'><img src='http:\/\/img714.imageshack.us\/img714\/2522\/1019356.jpg' border='0' \/><\/a><\/p>\n<p><a target='_blank' title='ImageShack - Image And Video Hosting' href='http:\/\/imageshack.us\/photo\/my-images\/35\/1019352.jpg\/'><img src='http:\/\/img35.imageshack.us\/img35\/605\/1019352.jpg' border='0' \/><\/a><\/p>\n<p><a target='_blank' title='ImageShack - Image And Video Hosting' href='http:\/\/imageshack.us\/photo\/my-images\/4\/1019377.jpg\/'><img src='http:\/\/img4.imageshack.us\/img4\/885\/1019377.jpg' border='0' \/><\/a><\/p>\n<p><a target='_blank' title='ImageShack - Image And Video Hosting' href='http:\/\/imageshack.us\/photo\/my-images\/835\/1019308.jpg\/'><img src='http:\/\/img835.imageshack.us\/img835\/8169\/1019308.jpg' border='0' \/><\/a><\/p>\n<p><a target='_blank' title='ImageShack - Image And Video Hosting' href='http:\/\/imageshack.us\/photo\/my-images\/685\/1019265.jpg\/'><img src='http:\/\/img685.imageshack.us\/img685\/7215\/1019265.jpg' border='0' \/><\/a><\/p>\n","protected":false},"excerpt":{"rendered":"<p>El pasado domingo 3 de julio se present\u00f3 el grupo Motel en el Auditorio Josefa Ortiz de Dom\u00ednguez en la ciudad de Quer\u00e9taro, dentro de las celebraciones llevadas a cabo por la Secretar\u00eda de la Juventud con motivo del Mundial de Futbol Sub-17 del cual ha participado como sede la capital queretana. La banda integrada [&hellip;]<\/p>\n","protected":false},"author":249,"featured_media":0,"comment_status":"open","ping_status":"closed","sticky":false,"template":"","format":"standard","meta":{"footnotes":""},"categories":[8,21,11],"tags":[],"class_list":["post-9139","post","type-post","status-publish","format-standard","hentry","category-ciudad-de-queretaro","category-espectaculos","category-fotografia"],"_links":{"self":[{"href":"https:\/\/eloficiodehistoriar.com.mx\/index.php?rest_route=\/wp\/v2\/posts\/9139","targetHints":{"allow":["GET"]}}],"collection":[{"href":"https:\/\/eloficiodehistoriar.com.mx\/index.php?rest_route=\/wp\/v2\/posts"}],"about":[{"href":"https:\/\/eloficiodehistoriar.com.mx\/index.php?rest_route=\/wp\/v2\/types\/post"}],"author":[{"embeddable":true,"href":"https:\/\/eloficiodehistoriar.com.mx\/index.php?rest_route=\/wp\/v2\/users\/249"}],"replies":[{"embeddable":true,"href":"https:\/\/eloficiodehistoriar.com.mx\/index.php?rest_route=%2Fwp%2Fv2%2Fcomments&post=9139"}],"version-history":[{"count":2,"href":"https:\/\/eloficiodehistoriar.com.mx\/index.php?rest_route=\/wp\/v2\/posts\/9139\/revisions"}],"predecessor-version":[{"id":9141,"href":"https:\/\/eloficiodehistoriar.com.mx\/index.php?rest_route=\/wp\/v2\/posts\/9139\/revisions\/9141"}],"wp:attachment":[{"href":"https:\/\/eloficiodehistoriar.com.mx\/index.php?rest_route=%2Fwp%2Fv2%2Fmedia&parent=9139"}],"wp:term":[{"taxonomy":"category","embeddable":true,"href":"https:\/\/eloficiodehistoriar.com.mx\/index.php?rest_route=%2Fwp%2Fv2%2Fcategories&post=9139"},{"taxonomy":"post_tag","embeddable":true,"href":"https:\/\/eloficiodehistoriar.com.mx\/index.php?rest_route=%2Fwp%2Fv2%2Ftags&post=9139"}],"curies":[{"name":"wp","href":"https:\/\/api.w.org\/{rel}","templated":true}]}}