{"id":9148,"date":"2011-07-07T06:32:25","date_gmt":"2011-07-07T12:32:25","guid":{"rendered":"https:\/\/eloficiodehistoriar.com.mx\/?p=9148"},"modified":"2011-07-07T06:32:25","modified_gmt":"2011-07-07T12:32:25","slug":"la-familia-definida-por-el-pbro-jaime-gutierrez-merece-leerse-con-detenimiento-y-critica","status":"publish","type":"post","link":"https:\/\/eloficiodehistoriar.com.mx\/?p=9148","title":{"rendered":"La familia definida por el Pbro. Jaime Gutierrez. Merece leerse con detenimiento y cr\u00edtica"},"content":{"rendered":"<p>Pbro. Jaime Guti\u00e9rrez Jim\u00e9nez<\/p>\n<p>Somos Familia,  somos Hijos de Dios Padre, hermanos en Cristo, y santificados en el Esp\u00edritu Santo. Cuando tuve la oportunidad de participar en el  VI Encuentro Mundial de Familias, celebrado en la Ciudad de  M\u00e9xico, escuche una frase que me pareci\u00f3 realmente relevante y despert\u00f3 en mi un sentimiento de pertenencia, cuyo sentimiento me hace sentirme dichoso por pertenecer a esta gran Familia de Dios que es la Iglesia, la frase dec\u00eda: \u201cSomos hermanos de Sangre,  por nuestra venas corre una misma sangre y es la Sangre de Cristo\u201d, hoy en esta solemnidad en que conmemoramos la solemnidad del Cuerpo y la Sangre de Cristo, la comisi\u00f3n organizadora me ha pedido que comparta con ustedes una reflexi\u00f3n sobre la Eucarist\u00eda y familia.<\/p>\n<p>Dice el lema del IV Congreso Eucar\u00edstico Diocesano:<\/p>\n<p>\u201cLa familia aut\u00e9nticamente cristiana, vive de la Eucarist\u00eda\u201d.<\/p>\n<p>Lema que nace de la fuente del Plan Diocesano de Pastoral y es el propio para este a\u00f1o 2011 en que la Iglesia particular de Quer\u00e9taro,  pone su mirada eclesial y la acentuaci\u00f3n en las familias de nuestra di\u00f3cesis: es prioritario \u201cRefundamentar la Familia\u201d  fue el acuerdo com\u00fan  al que llegaron muchos de los protagonistas en la actualizaci\u00f3n del trabajo pastoral.<\/p>\n<p>Al compartir esta reflexi\u00f3n, comienzo  con algunas interrogantes:<\/p>\n<p>\u2022\u00bfQu\u00e9 es  de una familia cuando no participa de la Eucarist\u00eda? <\/p>\n<p>\u2022\u00bfEs un grupo de personas que solo conviven bajo el mismo techo?<\/p>\n<p>\u2022\u00bfEs un lugar en donde se realizan funciones sociales y personales?<\/p>\n<p>\u2022\u00bfEs una expresi\u00f3n de vivencia afectiva entre seres humanos?<\/p>\n<p>\u2022\u00bfEs una comunidad de personas en donde cada quien ve sus propios  intereses? <\/p>\n<p>\u2022\u00bfEs una civilidad humana  por la que las personas solo se unen por sentimientos, personales  sin sentido del verdadero amor y sin apertura a la trascendencia en donde falta el amor \u00fanico y especial que un hombre y una mujer se profesan y ambos generan la vida humana, para despu\u00e9s proyectar en los hijos la figura materna y paterna, tan necesaria e importante para el desarrollo de los hijos mostrando complementariedad? \u00bfSer\u00e1 esto familia?<\/p>\n<p>\u2022\u00bfEs un centro de reuni\u00f3n en donde se mezclan intereses contrapuestos?<\/p>\n<p>\u2022\u00bfEs un lugar en donde solo se administra la econom\u00eda domestica? <\/p>\n<p> A esto no se le puede llamar  familia  aut\u00e9nticamente cristiana, porque no hay identidad, no hay arraigo, no hay sentido de pertenencia, no hay amor, sino confusi\u00f3n de sentimientos, no hay fe sino ego\u00edsmo, no hay trascendencia, sino inmanencia.   Ser\u00e1 cualquier cosa menos una familia aut\u00e9nticamente cristiana, puesto que se encuentra  alejada de la verdad revelada por Jesucristo el Pan del cielo, que se nos da a comer en la Eucarist\u00eda, misterio de fe. Se encuentra alejada de Jes\u00fas, Pan del cielo, que se nos da a beber  en la Eucarist\u00eda, misterio de fe,  como lo cantamos en ese hermoso himno que el P. Fidencio compuso de manera expresa para este IV congreso Eucar\u00edstico Diocesano. <\/p>\n<p>La familia aut\u00e9nticamente cristiana le dice al mundo que Cristo Jes\u00fas es su centro su vida, y es por eso que juntos se acercan al sacramento de la presencia viva y real de Jesucristo, presencia amorosa que re\u00fane a los padres e  hijos, para fusionarse en una sola fe, una sola acci\u00f3n de gracias que ofrecen por el don de la vida, de la familia, de la alegr\u00eda, del trabajo, de las sonrisas y del llanto, es hermoso ver a familias completas, unidas y funcionales que  asisten al templo Casa de Dios a encontrarse con Jesucristo Pan del cielo que se nos da a comer y a beber en la Eucarist\u00eda, misterio de fe.  <\/p>\n<p>Es en la Eucarist\u00eda donde la familia encuentra la protecci\u00f3n y la ayuda del Se\u00f1or para cumplir con su vocaci\u00f3n y misi\u00f3n. Es por medio de la Eucarist\u00eda donde la familia, \u201ciglesia dom\u00e9stica\u201d, se inserta en la gran familia de Cristo que es la Iglesia.  <\/p>\n<p>As\u00ed como la Iglesia vive de la Eucarist\u00eda, como muy bien lo ha ense\u00f1ado el Papa Juan Pablo II, podemos decir que la familia en cuanto \u201ciglesia dom\u00e9stica\u201d tambi\u00e9n vive de la Eucarist\u00eda, y no puede vivir sin la Eucarist\u00eda dominical. <\/p>\n<p>Si Cristo no es el centro de la familia, \u00bfCon que se queda la vida humana y espiritual de la familia? La familia aislada no puede sobrevivir; se disuelve sin remedio si no se inserta en la gran familia de Dios que es la Iglesia en donde encuentra  estabilidad y firmeza. <\/p>\n<p>Como responsable de la pastoral familiar he podido constatar algunas cosas, ustedes dar\u00e1n testimonio de otras muchas m\u00e1s, comparto con ustedes solo siete. <\/p>\n<p>1.Que la familia al participar de la Eucarist\u00eda, se santifica y santifica a su hogar, el lugar en donde viven, as\u00ed mismo se santifica con ello su mesa, su refrigerador, su cama, su despensa, y todo cuanto hay en \u00e9l.<\/p>\n<p>2.Que son familias con \u00e9xito pues todos  tienen un horizonte espiritual, un eje rector al cual caminan unidos porque es quien los conduce a su santificaci\u00f3n personal y familiar centrado en Cristo, pues todo lo resuelven puesta su fe, esperanza y caridad en El, la familia que participa plenamente de la Eucarist\u00eda, todo lo pueden en aquel que los conforta ( Cf. Fil. 4,13).<\/p>\n<p>3.Que en la Eucarist\u00eda los esposos retoman el origen de su matrimonio, pues la Eucarist\u00eda es la fuente misma del matrimonio, y ellos reencuentran la reconciliaci\u00f3n y se dan el beso y el abrazo de la paz en Cristo. Como cuando el d\u00eda de su boda ambos se profesaron amor, fidelidad y respeto.<\/p>\n<p>4.Que es en la vivencia Eucar\u00edstica familiar en donde se superan los problemas y las dificultades, el llanto y la desolaci\u00f3n, pues la familia que plenamente participa de la eucarist\u00eda se  halla puesta bajo el signo, el sello, del Cordero, cuando es protegida por la fuerza de la fe y congregada por el amor de Jesucristo, y as\u00ed  la familia entabla relaciones de solidaridad, afecto y unidad, para juntos trabajar en la resoluci\u00f3n de los problemas con la cooperaci\u00f3n y participaci\u00f3n de cada uno de sus miembros, especialmente cuando  pasan por momentos de sufrimiento y dificultad.<\/p>\n<p>5.Que es en la Eucarist\u00eda es en donde la familia  crece,  se desarrolla y se educa, porque es como la  asistencia a la escuela dominical, en la que pueda aprenderse lo que significa entrega y sacrificio, en donde se aprende a compartir el pan que da la vida eterna, en donde se ense\u00f1a a vivir la vocaci\u00f3n matrimonial y la vida en familia en din\u00e1mica de donaci\u00f3n, en donde se aprende a compartir los bienes materiales y espirituales, y se aprende  el amor cristiano: el \u00fanico y verdadero amor. <\/p>\n<p>6.Que las familias que participan de la <\/p>\n<p>Eucarist\u00eda,  son semilleros de vocaciones, y los padres no tiene mayor problema en alentar y facilitar a sus hijos a responder positivamente a la vocaci\u00f3n que \u00e9stos descubren en sus vidas.<\/p>\n<p>7.Que es en la Eucarist\u00eda en donde <\/p>\n<p>se \u201cRefundamenta la Familia\u201d, pues el encuentro pleno con el amor de los amores y el fruto de ese amor se manifiesta en el amor entre el hombre y la mujer, para despu\u00e9s abrirse a la   acogida de la vida y ambos proponerse la tarea educativa en casa, pues el  \u00e1mbito privilegiado de la educaci\u00f3n  en la que los que la Los padres de familia proporcionan a los hijos, haciendo de ellos buenos cristianos y buenos ciudadanos. <\/p>\n<p>En esta reflexi\u00f3n  no puedo olvidar a la mujer que fue pilar y fundamento de la Familia de Nazaret,  a Mar\u00eda, en quien  Verbo de Dios se hizo hombre en su seno pur\u00edsimo por una acci\u00f3n especial\u00edsima del Esp\u00edritu Santo en su persona. Y me despido con la palabras que el Beato  Juan Pablo II,  escribi\u00f3 en la Enc\u00edclica Ecclesia de Eucharistia, ha propuesto a toda la Iglesia reflexionar sobre el v\u00ednculo existente entre Mar\u00eda y la Eucarist\u00eda;  dice el Papa \u201cElla vivi\u00f3 una vida de familia, cuyo centro era el mismo que hoy se nos da como Eucarist\u00eda. El mismo cuerpo y la misma sangre nacidos de la Virgen Mar\u00eda, son lo que se consagra por el sacerdote en la mesa del altar, y se recibe en la Comuni\u00f3n sacramental. La Virgen dijo \u2018s\u00ed\u2019 al \u00c1ngel Gabriel, \u2018h\u00e1gase\u2019, porque crey\u00f3 que concebir\u00eda en su seno al verdadero Hijo de Dios. Los fieles cristianos, al recibir la Hostia Consagrada del Cuerpo de Cristo, responden \u2018am\u00e9n\u2019: \u2018as\u00ed es\u2019, \u2018lo creo\u2019\u00bb (EE, 55).<\/p>\n<p>Termino mi participaci\u00f3n diciendo que Ella, Madre de Jes\u00fas y Madre nuestra, en la confianza que depositan los hijos en una madre que ama, estamos seguros de que  sabr\u00e1 proteger a todas las familias que conforman la Iglesia, y llevarlas a un encuentro cada vez m\u00e1s pleno con Jes\u00fas-Eucarist\u00eda que se da en el seno de la Iglesia, casa de todos y lugar de santificaci\u00f3n para nuestras familias.  <\/p>\n<p>Sagrada Familia de Nazaret: \u00a1Bendice a nuestras familias! <\/p>\n","protected":false},"excerpt":{"rendered":"<p>Pbro. Jaime Guti\u00e9rrez Jim\u00e9nez Somos Familia, somos Hijos de Dios Padre, hermanos en Cristo, y santificados en el Esp\u00edritu Santo. Cuando tuve la oportunidad de participar en el VI Encuentro Mundial de Familias, celebrado en la Ciudad de M\u00e9xico, escuche una frase que me pareci\u00f3 realmente relevante y despert\u00f3 en mi un sentimiento de pertenencia, [&hellip;]<\/p>\n","protected":false},"author":249,"featured_media":0,"comment_status":"open","ping_status":"closed","sticky":false,"template":"","format":"standard","meta":{"footnotes":""},"categories":[26],"tags":[],"class_list":["post-9148","post","type-post","status-publish","format-standard","hentry","category-mundo"],"_links":{"self":[{"href":"https:\/\/eloficiodehistoriar.com.mx\/index.php?rest_route=\/wp\/v2\/posts\/9148","targetHints":{"allow":["GET"]}}],"collection":[{"href":"https:\/\/eloficiodehistoriar.com.mx\/index.php?rest_route=\/wp\/v2\/posts"}],"about":[{"href":"https:\/\/eloficiodehistoriar.com.mx\/index.php?rest_route=\/wp\/v2\/types\/post"}],"author":[{"embeddable":true,"href":"https:\/\/eloficiodehistoriar.com.mx\/index.php?rest_route=\/wp\/v2\/users\/249"}],"replies":[{"embeddable":true,"href":"https:\/\/eloficiodehistoriar.com.mx\/index.php?rest_route=%2Fwp%2Fv2%2Fcomments&post=9148"}],"version-history":[{"count":1,"href":"https:\/\/eloficiodehistoriar.com.mx\/index.php?rest_route=\/wp\/v2\/posts\/9148\/revisions"}],"predecessor-version":[{"id":9149,"href":"https:\/\/eloficiodehistoriar.com.mx\/index.php?rest_route=\/wp\/v2\/posts\/9148\/revisions\/9149"}],"wp:attachment":[{"href":"https:\/\/eloficiodehistoriar.com.mx\/index.php?rest_route=%2Fwp%2Fv2%2Fmedia&parent=9148"}],"wp:term":[{"taxonomy":"category","embeddable":true,"href":"https:\/\/eloficiodehistoriar.com.mx\/index.php?rest_route=%2Fwp%2Fv2%2Fcategories&post=9148"},{"taxonomy":"post_tag","embeddable":true,"href":"https:\/\/eloficiodehistoriar.com.mx\/index.php?rest_route=%2Fwp%2Fv2%2Ftags&post=9148"}],"curies":[{"name":"wp","href":"https:\/\/api.w.org\/{rel}","templated":true}]}}