{"id":9150,"date":"2011-07-07T06:43:18","date_gmt":"2011-07-07T12:43:18","guid":{"rendered":"https:\/\/eloficiodehistoriar.com.mx\/?p=9150"},"modified":"2011-07-07T06:43:18","modified_gmt":"2011-07-07T12:43:18","slug":"el-obispo-de-getafe-acusa-a-sacerdote-de-ser-gay-el-parroco-lo-niega-y-se-niega-a-hacerse-prueba-de-vih","status":"publish","type":"post","link":"https:\/\/eloficiodehistoriar.com.mx\/?p=9150","title":{"rendered":"El obispo de Getafe acusa a sacerdote de ser gay; El P\u00e1rroco lo niega y se niega a hacerse prueba de VIH"},"content":{"rendered":"<p>\u00abPeritaje psiqui\u00e1trico\u00bb para un cura de Fuenlabrada &#8216;acusado&#8217; de ser gay<\/p>\n<p>El obispado de Getafe aparta a un sacerdote de su parroquia, le proh\u00edbe residir en su municipio y le env\u00eda a un terapeuta que le prescribe la prueba del VIH.- El cura se niega a acatar la orden <\/p>\n<p>ELSA G. DE BLAS<\/p>\n<p> &#8211; Madrid<\/p>\n<p>El Pa\u00eds <\/p>\n<p>La de ayer por la ma\u00f1ana iba a ser casi con total seguridad la \u00faltima misa en Fuenlabrada del sacerdote Andr\u00e9s Garc\u00eda Torres. El obispo de Getafe le hab\u00eda comunicado que le cesaba como cura de la parroquia de San Fernando de F\u00e1tima y que deb\u00eda entregar las llaves, algo que iba a hacer esa misma tarde. El sacerdote asegura que el motivo de su relevo es que la Iglesia le acusa de homosexual y de haber mantenido una relaci\u00f3n con su seminarista. Pero \u00e9l niega ser gay y se queja de haber sufrido un trato \u00abhumillante y degradante\u00bb: el prelado le oblig\u00f3 a someterse a un an\u00e1lisis psiqui\u00e1trico y el m\u00e9dico a hacerse la prueba del VIH. El aliento de los feligreses, que est\u00e1n recogiendo firmas en su apoyo, ha provocado que reconsidere su postura: a pesar de su relevo, hoy prev\u00e9 abrir la parroquia y dar misa.<\/p>\n<p>No cabe investigar<br \/>\nEl obispado de Getafe niega que el amigo del cura &#8216;acusado&#8217; de ser gay sea seminarista <\/p>\n<p>El Obispado de Getafe afirma que le retir\u00f3 por motivos pastorales<\/p>\n<p>El obispado rechaza las acusaciones de Andr\u00e9s, sostiene que le ha destituido por \u00abmotivos pastorales\u00bb y que el trato que ha recibido ha seguido \u00ablas disposiciones del derecho can\u00f3nico\u00bb. En un escueto correo electr\u00f3nico enviado a este diario, se limita a afirmar que la versi\u00f3n del cura \u00abno se corresponde con la realidad\u00bb.<\/p>\n<p>El pasado 11 de noviembre el p\u00e1rroco recibi\u00f3 una carta del obispo de Getafe, Joaqu\u00edn Mar\u00eda L\u00f3pez de And\u00fajar, en la que le comunicaba su cese temporal por \u00abactos de tipo gravemente irregular\u00bb, y le impon\u00eda, \u00abcon el fin de evitar esc\u00e1ndalos\u00bb, un \u00abperitaje psiqui\u00e1trico\u00bb, as\u00ed como la prohibici\u00f3n de residir en Fuenlabrada.<\/p>\n<p>El sacerdote afirma que el prelado le dijo despu\u00e9s, en una reuni\u00f3n, que esos actos irregulares alud\u00edan a una relaci\u00f3n homosexual con un seminarista. Ambos niegan haber mantenido una relaci\u00f3n sentimental m\u00e1s all\u00e1 de la amistad. \u00abEs como un padre adoptivo para m\u00ed\u00bb, afirma Yannick Delgado, el seminarista, de 28 a\u00f1os y origen cubano.<\/p>\n<p>Por ese motivo, seg\u00fan la versi\u00f3n del cura, el prelado design\u00f3 a un psiquiatra para que le analizara. \u00abMe interrog\u00f3 de forma denigrante, me pregunt\u00f3 si mis padres me hab\u00edan violado de ni\u00f1o o si les hab\u00eda visto tener relaciones sexuales entre ellos\u00bb. El m\u00e9dico le prescribi\u00f3, entre otras pruebas, la de detecci\u00f3n del VIH. La terapia que deber\u00e1 seguir, \u00abconforme a los postulados de la antropolog\u00eda cristiana\u00bb -como dice la orden del obispo-, a\u00fan no la conoce. Tampoco ha visto el informe del psiquiatra.<\/p>\n<p>Las \u00abacusaciones\u00bb de homosexualidad le fueron expuestas, asegura, en una reuni\u00f3n a la que le cit\u00f3 L\u00f3pez de And\u00fajar el pasado 24 de enero. La supuesta prueba que, seg\u00fan la Iglesia, demostraba su relaci\u00f3n con el seminarista era una fotograf\u00eda que se hab\u00edan tomado en un viaje a F\u00e1tima en la que aparec\u00edan agarrados por el hombro y con el torso desnudo. \u00abHac\u00eda mucho calor y est\u00e1bamos sin camiseta, \u00bfqu\u00e9 es este puritanismo? \u00a1Estamos en el siglo XXI!\u00bb, protesta Andr\u00e9s. Se trataba, adem\u00e1s, de una imagen que solo ten\u00edan ellos y que desconocen c\u00f3mo lleg\u00f3 a manos del obispado. \u00abEstaba en mi ordenador, ni siquiera la sub\u00ed a Facebook\u00bb, dice Yannick.<\/p>\n<p>\u00abEstoy destrozado y muy decepcionado\u00bb, explicaba ayer cabizbajo Andr\u00e9s, mientras met\u00eda parte de sus cosas en una caja de cart\u00f3n en su despacho de la modesta parroquia. Fuera, decenas de feligreses, entre el estupor y la indignaci\u00f3n, estampaban su firma en protesta por su relevo, que hab\u00edan conocido el d\u00eda anterior. \u00ab\u00bfCrees que la gente estar\u00eda aqu\u00ed si yo fuera un sinverg\u00fcenza?\u00bb, se quejaba poco antes de dar misa. El Obispado le ha prohibido residir en la localidad, y \u00e9l de momento va a poner agua de por medio: \u00abMe marcho a un monasterio de Estados Unidos con mis padres los dos meses de vacaciones de verano\u00bb.<\/p>\n<p>\u00abVengo todas las semanas desde Moraleja de Enmedio (a unos diez kil\u00f3metros de Fuenlabrada) porque \u00e9l es una bell\u00edsima persona\u00bb, aseguraba Estrella Guerrero ante el templo. El apoyo de los vecinos ha animado a Andr\u00e9s a dar la batalla: \u00abLo he pensado, no voy a entregar las llaves\u00bb.<\/p>\n","protected":false},"excerpt":{"rendered":"<p>\u00abPeritaje psiqui\u00e1trico\u00bb para un cura de Fuenlabrada &#8216;acusado&#8217; de ser gay El obispado de Getafe aparta a un sacerdote de su parroquia, le proh\u00edbe residir en su municipio y le env\u00eda a un terapeuta que le prescribe la prueba del VIH.- El cura se niega a acatar la orden ELSA G. DE BLAS &#8211; Madrid [&hellip;]<\/p>\n","protected":false},"author":249,"featured_media":0,"comment_status":"open","ping_status":"closed","sticky":false,"template":"","format":"standard","meta":{"footnotes":""},"categories":[26],"tags":[],"class_list":["post-9150","post","type-post","status-publish","format-standard","hentry","category-mundo"],"_links":{"self":[{"href":"https:\/\/eloficiodehistoriar.com.mx\/index.php?rest_route=\/wp\/v2\/posts\/9150","targetHints":{"allow":["GET"]}}],"collection":[{"href":"https:\/\/eloficiodehistoriar.com.mx\/index.php?rest_route=\/wp\/v2\/posts"}],"about":[{"href":"https:\/\/eloficiodehistoriar.com.mx\/index.php?rest_route=\/wp\/v2\/types\/post"}],"author":[{"embeddable":true,"href":"https:\/\/eloficiodehistoriar.com.mx\/index.php?rest_route=\/wp\/v2\/users\/249"}],"replies":[{"embeddable":true,"href":"https:\/\/eloficiodehistoriar.com.mx\/index.php?rest_route=%2Fwp%2Fv2%2Fcomments&post=9150"}],"version-history":[{"count":1,"href":"https:\/\/eloficiodehistoriar.com.mx\/index.php?rest_route=\/wp\/v2\/posts\/9150\/revisions"}],"predecessor-version":[{"id":9151,"href":"https:\/\/eloficiodehistoriar.com.mx\/index.php?rest_route=\/wp\/v2\/posts\/9150\/revisions\/9151"}],"wp:attachment":[{"href":"https:\/\/eloficiodehistoriar.com.mx\/index.php?rest_route=%2Fwp%2Fv2%2Fmedia&parent=9150"}],"wp:term":[{"taxonomy":"category","embeddable":true,"href":"https:\/\/eloficiodehistoriar.com.mx\/index.php?rest_route=%2Fwp%2Fv2%2Fcategories&post=9150"},{"taxonomy":"post_tag","embeddable":true,"href":"https:\/\/eloficiodehistoriar.com.mx\/index.php?rest_route=%2Fwp%2Fv2%2Ftags&post=9150"}],"curies":[{"name":"wp","href":"https:\/\/api.w.org\/{rel}","templated":true}]}}