{"id":9517,"date":"2011-09-28T23:28:29","date_gmt":"2011-09-29T05:28:29","guid":{"rendered":"https:\/\/eloficiodehistoriar.com.mx\/?p=9517"},"modified":"2011-09-28T23:33:53","modified_gmt":"2011-09-29T05:33:53","slug":"lo-mas-importante-que-tiene-mexico-es-el-arte-y-la-musica-manzanero","status":"publish","type":"post","link":"https:\/\/eloficiodehistoriar.com.mx\/?p=9517","title":{"rendered":"Lo m\u00e1s importante que tiene M\u00e9xico es el arte y la m\u00fasica: Manzanero"},"content":{"rendered":"<p>Notimex <\/p>\n<p>Para el cantautor Armando Manzanero lo m\u00e1s importante que tiene M\u00e9xico es el arte y la m\u00fasica, pues considera que cada espacio que gana la m\u00fasica, es un espacio que la delincuencia pierde.<\/p>\n<p>Durante \u201cEl Espacio de los Compositores\u201d, que organiza Notimex y del que est\u00e1 a cargo el cantautor Fato, el maestro Manzanero, presidente de la Sociedad de Autores y Compositores de M\u00e9xico (SACM), dio sus impresiones sobre diversos temas.<\/p>\n<p>El creador de \u201cEsta tarde vi llover\u201d y \u201cAdoro\u201d, record\u00f3 que desde los 15 a\u00f1os se inici\u00f3 en la composici\u00f3n, en 1950, cuando lleg\u00f3 a la Ciudad de M\u00e9xico, adem\u00e1s de manifestar el orgullo por conocer gente tan talentosa y humana, como Fato.<\/p>\n<p>Manzanero extern\u00f3 que para los futuros compositores, es necesario hacerles saber que un 20 por ciento es destinado al \u00e9xito, el otro 80 por ciento es dedicarse al trabajo, con insistencia y paciencia, \u201cporque el momento que vive en este momento la m\u00fasica es brutal, pero no s\u00f3lo aqu\u00ed sino en el mundo entero\u201d.<\/p>\n<p>Asegur\u00f3 que los autores tradicionales se han visto afectados por las nuevas tecnolog\u00edas, \u201cpues se est\u00e1n tambaleando, debido a la gran cantidad de canciones que bajan de manera digital, pero eso ya se est\u00e1 regulando\u201d.<\/p>\n<p>El maestro insisti\u00f3 que los creadores de canciones deben estar enterados que son 36 horas de componer para tener una hora de \u00e9xito; por lo que Fato, apunt\u00f3 que su trabajo tambi\u00e9n es reinventarse todos los d\u00edas.<\/p>\n<p>Manzanero agreg\u00f3 que para que haya inspiraci\u00f3n debe haber hambre, \u201ces necesaria, porque el momento m\u00e1s peligroso que puede vivir un compositor, es cuando tiene un \u00e9xito irremediable.<\/p>\n<p>\u201cPorque debe tener un tiempo para mantener ese \u00e9xito, para sostenerlo. Por ello siempre trato de trabajar: termin\u00e9 la promoci\u00f3n del licor que fabrican en Yucat\u00e1n y produje un disco de una cantante que se llama Fabiola\u201d.<\/p>\n<p>Pero a pesar de andar por todos lados, recalc\u00f3 que su trabajo m\u00e1s importante es estar al frente de la Sociedad de Autores y Compositores de M\u00e9xico.<\/p>\n<p>\u201cTodo mundo me pregunta por qu\u00e9 puedo hacer todo eso, pues porque me levanto temprano y agarro del brazo al \u00e9xito y media hora despu\u00e9s pasa la felicidad, y la agarro del otro brazo. Cuando pasa la desgracia me hago a un lado para que no me toque.<\/p>\n<p>\u201cTambi\u00e9n preparo un disco con mis temas, que grabar\u00e9 en el estudio de mi hermana del alma, Tania Libertad, todo eso hace que una persona est\u00e9 rodeada de \u00e9xito, adem\u00e1s de ser un se\u00f1or muy amado y eso hace que una persona sea positiva y tenga fuerza\u201d, expres\u00f3.<\/p>\n<p>Sobre la SACM se\u00f1al\u00f3 que una de las ventajas es que est\u00e1 dedicada en atender a las nuevas generaciones, \u201cestoy tan orgulloso de Reyli, Aleks Syntek, Alex Lora, \u00c1ureo Baqueiro, Mario Domm y muchos m\u00e1s, es gente que nos est\u00e1 empujando y nos representa en este momento, porque el organismo no pod\u00eda seguir viviendo de las joyas de las d\u00e9cadas pasadas\u201d.<\/p>\n<p>Recalc\u00f3 que uno de sus logros ser\u00e1 la inauguraci\u00f3n, en enero pr\u00f3ximo, de un espacio donde se ofrecer\u00e1n conciertos y \u201cshowcase\u201d con una gran tecnolog\u00eda y ac\u00fastica, \u201cser\u00e1 una maravilla y es para los compositores, ya tenemos fechas y tambi\u00e9n una empresa que lo administrara, para que sea autosustentable\u201d.<\/p>\n<p>Agreg\u00f3 que no les cost\u00f3 ni un peso a los compositores y tampoco les costar\u00e1 mantenerlo.<\/p>\n<p>Por otra parte coment\u00f3 que \u201cla SACM est\u00e1 en los primero cinco lugares del cat\u00e1logo mundial de importancia y existen la herramientas para que haya un bienestar social, pero de repente la gente se queja porque no somos monedita de oro\u201d.<\/p>\n<p>Subray\u00f3 que el fallecido ex presidente general de la SACM, Roberto Cantoral, dijo: \u201cCada peso tiene su due\u00f1o\u201d, a lo que Fato, a\u00f1adi\u00f3 que siendo parte de la mesa directiva, se ha dado cuenta que para ser un buen compositor el camino es largo.<\/p>\n","protected":false},"excerpt":{"rendered":"<p>Notimex Para el cantautor Armando Manzanero lo m\u00e1s importante que tiene M\u00e9xico es el arte y la m\u00fasica, pues considera que cada espacio que gana la m\u00fasica, es un espacio que la delincuencia pierde. Durante \u201cEl Espacio de los Compositores\u201d, que organiza Notimex y del que est\u00e1 a cargo el cantautor Fato, el maestro Manzanero, [&hellip;]<\/p>\n","protected":false},"author":249,"featured_media":0,"comment_status":"open","ping_status":"closed","sticky":false,"template":"","format":"standard","meta":{"footnotes":""},"categories":[1],"tags":[53],"class_list":["post-9517","post","type-post","status-publish","format-standard","hentry","category-sin-categoria","tag-musica"],"_links":{"self":[{"href":"https:\/\/eloficiodehistoriar.com.mx\/index.php?rest_route=\/wp\/v2\/posts\/9517","targetHints":{"allow":["GET"]}}],"collection":[{"href":"https:\/\/eloficiodehistoriar.com.mx\/index.php?rest_route=\/wp\/v2\/posts"}],"about":[{"href":"https:\/\/eloficiodehistoriar.com.mx\/index.php?rest_route=\/wp\/v2\/types\/post"}],"author":[{"embeddable":true,"href":"https:\/\/eloficiodehistoriar.com.mx\/index.php?rest_route=\/wp\/v2\/users\/249"}],"replies":[{"embeddable":true,"href":"https:\/\/eloficiodehistoriar.com.mx\/index.php?rest_route=%2Fwp%2Fv2%2Fcomments&post=9517"}],"version-history":[{"count":3,"href":"https:\/\/eloficiodehistoriar.com.mx\/index.php?rest_route=\/wp\/v2\/posts\/9517\/revisions"}],"predecessor-version":[{"id":9520,"href":"https:\/\/eloficiodehistoriar.com.mx\/index.php?rest_route=\/wp\/v2\/posts\/9517\/revisions\/9520"}],"wp:attachment":[{"href":"https:\/\/eloficiodehistoriar.com.mx\/index.php?rest_route=%2Fwp%2Fv2%2Fmedia&parent=9517"}],"wp:term":[{"taxonomy":"category","embeddable":true,"href":"https:\/\/eloficiodehistoriar.com.mx\/index.php?rest_route=%2Fwp%2Fv2%2Fcategories&post=9517"},{"taxonomy":"post_tag","embeddable":true,"href":"https:\/\/eloficiodehistoriar.com.mx\/index.php?rest_route=%2Fwp%2Fv2%2Ftags&post=9517"}],"curies":[{"name":"wp","href":"https:\/\/api.w.org\/{rel}","templated":true}]}}