{"id":9521,"date":"2011-09-28T23:36:05","date_gmt":"2011-09-29T05:36:05","guid":{"rendered":"https:\/\/eloficiodehistoriar.com.mx\/?p=9521"},"modified":"2011-09-28T23:36:05","modified_gmt":"2011-09-29T05:36:05","slug":"de-la-parra-musica-clasica-es-limitada-por-estereotipos","status":"publish","type":"post","link":"https:\/\/eloficiodehistoriar.com.mx\/?p=9521","title":{"rendered":"De la Parra: m\u00fasica cl\u00e1sica es limitada por estereotipos"},"content":{"rendered":"<p>MEXICO (AP) \u2014 \u00abTravieso carmes\u00ed\u00bb, el segundo material de la directora de orquesta mexicana Alondra de la Parra, quien ha logrado obtener disco de platino por sus altas ventas y su disquera decidi\u00f3 lanzar una edici\u00f3n especial del material.<\/p>\n<p>Aunque el suceso representa algo poco com\u00fan en la industria musical mexicana, De la Parra no se ve como un \u00eddolo ni parteaguas de la industria discogr\u00e1fica.<\/p>\n<p>\u00abEsos juicios yo no los puedo controlar, ni decidir. Me encantar\u00eda que a trav\u00e9s de mi trabajo puedan acercarse a la m\u00fasica, que encuentren paz e inspiraci\u00f3n. Eso ser\u00eda genial, pero lo hago porque creo en esto\u00bb, dijo De la Parra el mi\u00e9rcoles en un aparte con la AP, luego de una rueda de prensa para presentar la edici\u00f3n especial del \u00e1lbum.<\/p>\n<p>Para la fundadora de la Orquesta Filarm\u00f3nica de las Am\u00e9ricas, lograr haber vendido m\u00e1s de 60 mil copias de la producci\u00f3n, lanzada en mayo y en la que grab\u00f3 temas populares de M\u00e9xico junto a Natalia Lafourcade, Denise Guti\u00e9rrez y Ely Guerra, no la convierte en un parteaguas, pues solo super\u00f3 una serie de vicios en la industria.<\/p>\n<p>\u00abCreo que hemos cometido errores en el mundo de la m\u00fasica cl\u00e1sica tanto los artistas, los managers, como la prensa en etiquetarlo, en alejarlo del p\u00fablico, en decir &#8216;esto es una cuesti\u00f3n paralela, para los que saben\u00bb&#8217;, se\u00f1al\u00f3. \u00abSimple y llanamente es regresar a d\u00f3nde empezamos, que es que la m\u00fasica es para todos\u00bb.<\/p>\n<p>La nueva edici\u00f3n de la producci\u00f3n (Sony Music), incluye un DVD del concierto que las cuatro artistas ofrecieron en mayo en el Auditorio Nacional de la capital mexicana y durante el cual las acompa\u00f1\u00f3 Armando Manzanero.<\/p>\n<p>La directora de orquesta, de 30 a\u00f1os, reci\u00e9n debut\u00f3 en Jap\u00f3n, en donde ofreci\u00f3 dos recitales que sirvieron como homenaje a las v\u00edctimas del terremoto y tsunami que azotaron a la naci\u00f3n asi\u00e1tica.<\/p>\n<p>Esa experiencia, dijo, le dio \u00abun momento de espiritualidad\u00bb que le gustar\u00eda esparcir por M\u00e9xico en un momento en que el pa\u00eds atraviesa por una situaci\u00f3n de violencia.<\/p>\n<p>\u00abLa m\u00fasica es ese espacio para que la gente se recupere, es una oportunidad maravillosa de reflexi\u00f3n, de ayudar a procesar dolor, angustia, felicidad, muchos sentimientos. Es en momentos de crisis cuando se les necesita mucho m\u00e1s a los artistas y sobre todo a la m\u00fasica\u00bb, refiri\u00f3 la hermana del cantante y actor Mane de la Parra.<\/p>\n<p>\u00abEstamos llenos de noticias mala y eventos que nos averg\u00fcenzan mucho como mexicanos, pero entonces es el momento de decir, &#8216;somos esto, somos lo otro. Mira esta canci\u00f3n, no olvidemos lo bueno que somos&#8217;&#8230; la m\u00fasica es un espejo de esto y esto es la intenci\u00f3n de este disco\u00bb, expres\u00f3.<\/p>\n<p>De la Parra, que debut\u00f3 en la industria musical con \u00abMi alma mexicana\/My mexican soul\u00bb (2010), se prepara para seguir acumulando \u00e9xitos.<\/p>\n<p>Pr\u00f3ximamente la joven artista ofrecer\u00e1 recitales en Munich y Sao Paulo, en donde grabar\u00e1 un disco en el que retomar\u00e1 \u00e9xitos de Gilberto Mendes. \u00abEs un m\u00fasico entre popular y cl\u00e1sico, una persona que ha hecho mucha bossa nova, que ha hecho cosas distintas y voy a hacer un disco con pura obra de \u00e9l\u00bb, adelant\u00f3.<\/p>\n<p>Presumi\u00f3 que en diciembre participar\u00e1 en \u00abEl Cascanueces\u00bb con el New York City Ballet, con el que ofrecer\u00e1 unas cuatro fechas.<\/p>\n<p>\u00ab(El ballet) es algo que s\u00ed conozco, no desde adentro pero s\u00ed muy cerca. Me siento como muy empapada, es cuesti\u00f3n de aprenderme la partitura y tratar de respirar y dar los tiempos exacto a los bailarines para que se sientan c\u00f3modos\u00bb, expres\u00f3.<\/p>\n","protected":false},"excerpt":{"rendered":"<p>MEXICO (AP) \u2014 \u00abTravieso carmes\u00ed\u00bb, el segundo material de la directora de orquesta mexicana Alondra de la Parra, quien ha logrado obtener disco de platino por sus altas ventas y su disquera decidi\u00f3 lanzar una edici\u00f3n especial del material. Aunque el suceso representa algo poco com\u00fan en la industria musical mexicana, De la Parra no [&hellip;]<\/p>\n","protected":false},"author":249,"featured_media":0,"comment_status":"open","ping_status":"closed","sticky":false,"template":"","format":"standard","meta":{"footnotes":""},"categories":[1],"tags":[53],"class_list":["post-9521","post","type-post","status-publish","format-standard","hentry","category-sin-categoria","tag-musica"],"_links":{"self":[{"href":"https:\/\/eloficiodehistoriar.com.mx\/index.php?rest_route=\/wp\/v2\/posts\/9521","targetHints":{"allow":["GET"]}}],"collection":[{"href":"https:\/\/eloficiodehistoriar.com.mx\/index.php?rest_route=\/wp\/v2\/posts"}],"about":[{"href":"https:\/\/eloficiodehistoriar.com.mx\/index.php?rest_route=\/wp\/v2\/types\/post"}],"author":[{"embeddable":true,"href":"https:\/\/eloficiodehistoriar.com.mx\/index.php?rest_route=\/wp\/v2\/users\/249"}],"replies":[{"embeddable":true,"href":"https:\/\/eloficiodehistoriar.com.mx\/index.php?rest_route=%2Fwp%2Fv2%2Fcomments&post=9521"}],"version-history":[{"count":1,"href":"https:\/\/eloficiodehistoriar.com.mx\/index.php?rest_route=\/wp\/v2\/posts\/9521\/revisions"}],"predecessor-version":[{"id":9522,"href":"https:\/\/eloficiodehistoriar.com.mx\/index.php?rest_route=\/wp\/v2\/posts\/9521\/revisions\/9522"}],"wp:attachment":[{"href":"https:\/\/eloficiodehistoriar.com.mx\/index.php?rest_route=%2Fwp%2Fv2%2Fmedia&parent=9521"}],"wp:term":[{"taxonomy":"category","embeddable":true,"href":"https:\/\/eloficiodehistoriar.com.mx\/index.php?rest_route=%2Fwp%2Fv2%2Fcategories&post=9521"},{"taxonomy":"post_tag","embeddable":true,"href":"https:\/\/eloficiodehistoriar.com.mx\/index.php?rest_route=%2Fwp%2Fv2%2Ftags&post=9521"}],"curies":[{"name":"wp","href":"https:\/\/api.w.org\/{rel}","templated":true}]}}