{"id":9524,"date":"2011-09-30T14:47:57","date_gmt":"2011-09-30T20:47:57","guid":{"rendered":"https:\/\/eloficiodehistoriar.com.mx\/?p=9524"},"modified":"2011-09-30T14:47:58","modified_gmt":"2011-09-30T20:47:58","slug":"anuncian-programa-del-23-festival-internacional-de-musica","status":"publish","type":"post","link":"https:\/\/eloficiodehistoriar.com.mx\/?p=9524","title":{"rendered":"Anuncian programa del 23 Festival Internacional de M\u00fasica"},"content":{"rendered":"<p>Anuncian programa del 23 Festival Internacional de M\u00fasica<\/p>\n<p>Atsiri Mac\u00edas\/Quadrat\u00edn<\/p>\n<p>M\u00c9XICO., DF, 28 de septiembre de 2011.- El Festival de M\u00fasica de Morelia Miguel Bernal Jim\u00e9nez, realizar\u00e1 su vig\u00e9sima tercera edici\u00f3n del 12 al 26 de noviembre en el que se llevar\u00e1n a cabo 60 eventos, 31 conciertos, 12 actividades paralelas y siete cursos y clases magistrales.<\/p>\n<p>            La Orquesta Acad\u00e9mica de Viena, ser\u00e1 la encargada de ofrecer el concierto inaugural en el teatro Morelos a las 20:30 horas.<\/p>\n<p>            Pa\u00edses como Austria, Rep\u00fablica Checa, Canad\u00e1, Estados Unidos, Ucrania, Reino Unido, Suiza, Uruguay, Alemania, Ir\u00e1n y Espa\u00f1a, participar\u00e1n en el marco del FMM.<\/p>\n<p>            La ciudad se vestir\u00e1 de gala con la presencia de la violinista ucraniana Viktoria Mullova, quien dar\u00e1 un recital de sonatas y partitas de Bach para viol\u00edn solo, present\u00e1ndose el jueves 17 en el teatro Melchor Ocampo y el s\u00e1bado 19 en el teatro Morelos con el ensamble The Matthew Barley.<\/p>\n<p>            La presente edici\u00f3n se dedicar\u00e1 a la memoria del hijo de Miguel Bernal Jim\u00e9nez, Miguel Bernal Macouzet, quien falleci\u00f3 este 2011.<\/p>\n<p>            Sergio Vela Mart\u00ednez, miembro del consejo art\u00edstico, coment\u00f3 que: \u201cEl Festival de M\u00fasica de Morelia se ha logrado distinguir a nivel mundial, existen muy pocos festivales tem\u00e1ticos o dedicados a una sola disciplina art\u00edstica, dentro de la m\u00fasica de concierto, destaca \u00e9ste. La variedad estil\u00edstica dentro de la homogeneidad de la m\u00fasica de concierto y la prevalencia de un criterio cualitativo de integraci\u00f3n del programa son las l\u00edneas directrices del festival\u201d.<\/p>\n<p>            Se espera la asistencia de 80 mil personas, este n\u00famero ha ido creciendo gracias al inter\u00e9s que se ha despertado en las nuevas generaciones. Seg\u00fan un estudio realizado por el Tec de Monterrey, el festival creci\u00f3 el presente a\u00f1o un 15 por ciento, esto gracias a los j\u00f3venes de entre 15 a 24 a\u00f1os que han solicitado m\u00fasica de este tipo, as\u00ed lo afirm\u00f3 Ver\u00f3nica Bernal Vargas, directora general del FMM.<\/p>\n<p>            El Coro Peparatorio de Ni\u00f1os Cantores de Morelia; Ev\u00e1Pleskov\u00e1 y LenkaSmolc\u00e1kov\u00e1; la Orquesta de C\u00e1mara del Conservatorio de las Rosas; New York Polyphony; Cuarteto Jan\u00e1cek y Luis Humberto Ramos; Big Band Jazz y Natalia Lafourcade; Homero Francesch; Mozart Piano Quartet; Constantinople; Osidem y Voz en Punto; Quinteto de Miner\u00eda; la Orquesta Filarm\u00f3nica Juvenil Alemana; Beat Kaestli y Jordi Savall con La CapellaReial de Catalunya y Hesperion XXI se presentar\u00e1n en el transcurso del festival.<\/p>\n<p>            Para mayor informaci\u00f3n respecto a la programaci\u00f3n y costos de los boletos, se puede entrar al portal www.festivalmorelia.com.<\/p>\n","protected":false},"excerpt":{"rendered":"<p>Anuncian programa del 23 Festival Internacional de M\u00fasica Atsiri Mac\u00edas\/Quadrat\u00edn M\u00c9XICO., DF, 28 de septiembre de 2011.- El Festival de M\u00fasica de Morelia Miguel Bernal Jim\u00e9nez, realizar\u00e1 su vig\u00e9sima tercera edici\u00f3n del 12 al 26 de noviembre en el que se llevar\u00e1n a cabo 60 eventos, 31 conciertos, 12 actividades paralelas y siete cursos y [&hellip;]<\/p>\n","protected":false},"author":249,"featured_media":0,"comment_status":"open","ping_status":"closed","sticky":false,"template":"","format":"standard","meta":{"footnotes":""},"categories":[1],"tags":[],"class_list":["post-9524","post","type-post","status-publish","format-standard","hentry","category-sin-categoria"],"_links":{"self":[{"href":"https:\/\/eloficiodehistoriar.com.mx\/index.php?rest_route=\/wp\/v2\/posts\/9524","targetHints":{"allow":["GET"]}}],"collection":[{"href":"https:\/\/eloficiodehistoriar.com.mx\/index.php?rest_route=\/wp\/v2\/posts"}],"about":[{"href":"https:\/\/eloficiodehistoriar.com.mx\/index.php?rest_route=\/wp\/v2\/types\/post"}],"author":[{"embeddable":true,"href":"https:\/\/eloficiodehistoriar.com.mx\/index.php?rest_route=\/wp\/v2\/users\/249"}],"replies":[{"embeddable":true,"href":"https:\/\/eloficiodehistoriar.com.mx\/index.php?rest_route=%2Fwp%2Fv2%2Fcomments&post=9524"}],"version-history":[{"count":1,"href":"https:\/\/eloficiodehistoriar.com.mx\/index.php?rest_route=\/wp\/v2\/posts\/9524\/revisions"}],"predecessor-version":[{"id":9525,"href":"https:\/\/eloficiodehistoriar.com.mx\/index.php?rest_route=\/wp\/v2\/posts\/9524\/revisions\/9525"}],"wp:attachment":[{"href":"https:\/\/eloficiodehistoriar.com.mx\/index.php?rest_route=%2Fwp%2Fv2%2Fmedia&parent=9524"}],"wp:term":[{"taxonomy":"category","embeddable":true,"href":"https:\/\/eloficiodehistoriar.com.mx\/index.php?rest_route=%2Fwp%2Fv2%2Fcategories&post=9524"},{"taxonomy":"post_tag","embeddable":true,"href":"https:\/\/eloficiodehistoriar.com.mx\/index.php?rest_route=%2Fwp%2Fv2%2Ftags&post=9524"}],"curies":[{"name":"wp","href":"https:\/\/api.w.org\/{rel}","templated":true}]}}