{"id":9528,"date":"2011-10-02T01:07:05","date_gmt":"2011-10-02T07:07:05","guid":{"rendered":"https:\/\/eloficiodehistoriar.com.mx\/?p=9528"},"modified":"2011-10-02T01:07:05","modified_gmt":"2011-10-02T07:07:05","slug":"exitosa-presentacion-de-jorge-drexler-en-rock-in-rio","status":"publish","type":"post","link":"https:\/\/eloficiodehistoriar.com.mx\/?p=9528","title":{"rendered":"Exitosa presentaci\u00f3n de Jorge Drexler en \u00abRock in Rio\u00bb"},"content":{"rendered":"<p>Exitosa presentaci\u00f3n de Jorge Drexler en \u00abRock in Rio\u00bb<\/p>\n<p>El cantautor uruguayo Jorge Drexler tuvo una exitosa participaci\u00f3n hoy en el Rock in Rio.<\/p>\n<p>Drexler se present\u00f3 con la baladista paulista Ti\u00e9. \u00c9l particip\u00f3 en el disco de ella llamado \u00abA Coruja e o Coracao\u00bb.<\/p>\n<p>Al anunciar que su \u00faltima canci\u00f3n ser\u00eda Todo se Transforma el p\u00fablico carioca reclam\u00f3 que siguera cantando, seg\u00fan cuenta la cr\u00f3nica del portal del diario O Globo.<\/p>\n<p>La gran atracci\u00f3n de la pen\u00faltima jornada del festiva es Coldplay con un repertorio de su nuevo disco \u00b4Xylo Myloto\u00b4. Antes se presentar\u00e1n los mexicanos de Man\u00e1.<\/p>\n<p>Ma\u00f1ana el cierre del Rock in Rio ser\u00e1 con System of Down y Guns N\u00b4Roses.<\/p>\n<p>Con informaci\u00f3n de ANSA. .<\/p>\n<p>El Pa\u00eds Digital<\/p>\n","protected":false},"excerpt":{"rendered":"<p>Exitosa presentaci\u00f3n de Jorge Drexler en \u00abRock in Rio\u00bb El cantautor uruguayo Jorge Drexler tuvo una exitosa participaci\u00f3n hoy en el Rock in Rio. Drexler se present\u00f3 con la baladista paulista Ti\u00e9. \u00c9l particip\u00f3 en el disco de ella llamado \u00abA Coruja e o Coracao\u00bb. Al anunciar que su \u00faltima canci\u00f3n ser\u00eda Todo se Transforma [&hellip;]<\/p>\n","protected":false},"author":249,"featured_media":0,"comment_status":"open","ping_status":"closed","sticky":false,"template":"","format":"standard","meta":{"footnotes":""},"categories":[1],"tags":[],"class_list":["post-9528","post","type-post","status-publish","format-standard","hentry","category-sin-categoria"],"_links":{"self":[{"href":"https:\/\/eloficiodehistoriar.com.mx\/index.php?rest_route=\/wp\/v2\/posts\/9528","targetHints":{"allow":["GET"]}}],"collection":[{"href":"https:\/\/eloficiodehistoriar.com.mx\/index.php?rest_route=\/wp\/v2\/posts"}],"about":[{"href":"https:\/\/eloficiodehistoriar.com.mx\/index.php?rest_route=\/wp\/v2\/types\/post"}],"author":[{"embeddable":true,"href":"https:\/\/eloficiodehistoriar.com.mx\/index.php?rest_route=\/wp\/v2\/users\/249"}],"replies":[{"embeddable":true,"href":"https:\/\/eloficiodehistoriar.com.mx\/index.php?rest_route=%2Fwp%2Fv2%2Fcomments&post=9528"}],"version-history":[{"count":1,"href":"https:\/\/eloficiodehistoriar.com.mx\/index.php?rest_route=\/wp\/v2\/posts\/9528\/revisions"}],"predecessor-version":[{"id":9529,"href":"https:\/\/eloficiodehistoriar.com.mx\/index.php?rest_route=\/wp\/v2\/posts\/9528\/revisions\/9529"}],"wp:attachment":[{"href":"https:\/\/eloficiodehistoriar.com.mx\/index.php?rest_route=%2Fwp%2Fv2%2Fmedia&parent=9528"}],"wp:term":[{"taxonomy":"category","embeddable":true,"href":"https:\/\/eloficiodehistoriar.com.mx\/index.php?rest_route=%2Fwp%2Fv2%2Fcategories&post=9528"},{"taxonomy":"post_tag","embeddable":true,"href":"https:\/\/eloficiodehistoriar.com.mx\/index.php?rest_route=%2Fwp%2Fv2%2Ftags&post=9528"}],"curies":[{"name":"wp","href":"https:\/\/api.w.org\/{rel}","templated":true}]}}