{"id":9532,"date":"2011-10-04T16:09:38","date_gmt":"2011-10-04T22:09:38","guid":{"rendered":"https:\/\/eloficiodehistoriar.com.mx\/?p=9532"},"modified":"2011-10-04T16:14:30","modified_gmt":"2011-10-04T22:14:30","slug":"anuncian-primer-festival-los-sonidos-de-la-tierra-en-puebla","status":"publish","type":"post","link":"https:\/\/eloficiodehistoriar.com.mx\/?p=9532","title":{"rendered":"Anuncian Primer Festival \u00abLos sonidos de la Tierra\u00bb en Puebla"},"content":{"rendered":"<p>   PUEBLA (Notimex).- Con la participaci\u00f3n de 287 artistas de 13 estados del pa\u00eds, del 12 al 16 de octubre, se llevar\u00e1 a cabo el Primer Festival &#8216;Los sonidos de la Tierra&#8217;, donde el son y la m\u00fasica tradicional mexicana ser\u00e1n los principales invitados.<\/p>\n<p>  As\u00ed lo inform\u00f3 en conferencia de prensa, Sa\u00fal Ju\u00e1rez Vega, secretario ejecutivo del Consejo Estatal para la Cultura y las Artes de Puebla, quien en compa\u00f1\u00eda del cantautor Oscar Ch\u00e1vez, precis\u00f3 que este festival no sustituye ning\u00fan otro encuentro ind\u00edgena que hayan emprendido administraciones pasadas.<\/p>\n<p>  &#8216;El objetivo central de esta fiesta es la divulgaci\u00f3n de la m\u00fasica tradicional mexicana en su expresiones profundas, vista desde el proceso de b\u00fasqueda de los nuevos exponentes de esta riqueza musical&#8217;, expres\u00f3 el funcionario estatal.<\/p>\n<p>  Por su parte, el cantautor Oscar Ch\u00e1vez se dijo halagado de participar en este foro, que hoy, a m\u00e1s de 40 a\u00f1os de trayectoria profesional, le permite reflexionar sobre la gran cantidad de sones que hay en M\u00e9xico, de los cuales no se hab\u00eda percatado.<\/p>\n<p>Invit\u00f3 al p\u00fablico a participar en este evento que contribuye a respetar las tradiciones, como lo es el son y que no se dejen llevar por la moda.<\/p>\n<p>Sobre la situaci\u00f3n actual del pa\u00eds, el cantante se limit\u00f3 a responder: &#8216;soy cancionero, no analista pol\u00edtico. Mi compromiso social es seguir haciendo lo que hago, no me callar\u00e1n y no permitir\u00e9 que me avasalle lo que est\u00e1 sucediendo&#8217;, acot\u00f3.<\/p>\n<p>Ju\u00e1rez Vega abund\u00f3 que este festejo, que ofrece m\u00e1s de 50 actividades musicales, se desarrollar\u00e1 en el marco del Festival de Arte y Cultura Ind\u00edgena, por lo que se contar\u00e1 con los m\u00e1ximos exponentes de la m\u00fasica mexicana, entre los que destaca el son, pero abarcar\u00e1 diversos g\u00e9neros musicales. Adem\u00e1s de conciertos, talles y danzas.<\/p>\n<p>Algunos de los invitados son Oscar Ch\u00e1vez, Mono Blanco, Bandula, Los Cojolites, Orquesta Pasatono, Tayer, Sonex, Alma de Apatzing\u00e1n, Diablos de Collantes, la Marimba Nandayapa, el Mariachi Arredondo y los Hermanos Dimas.<\/p>\n<p>As\u00ed como los poblanos Carlos Arellano, V\u00edctor Z\u00e1rate y el tr\u00edo huasteco Los Camotes de la Sierra, la Orquesta Sinf\u00f3nica del Estado y el Centro de Capacitaci\u00f3n de M\u00fasica de Banda, entre otros de los estados de Campeche, Chiapas, Guerrero, Hidalgo, Jalisco, Michoac\u00e1n, Nuevo Le\u00f3n, Oaxaca, San Luis Potos\u00ed, Veracruz y Yucat\u00e1n.<\/p>\n<p>Los escenarios para este festival, completamente gratuito, son: La Casa de la Cultura, de la ciudad de Puebla, los Museos San Pedro y el de los Ferrocarriles, los Talleres de iniciaci\u00f3n art\u00edstica Pedro Angel Palou P\u00e9rez, la Cinemateca Luis Bu\u00f1uel y, el auditorio de la Universidad de las Am\u00e9r<\/p>\n","protected":false},"excerpt":{"rendered":"<p>PUEBLA (Notimex).- Con la participaci\u00f3n de 287 artistas de 13 estados del pa\u00eds, del 12 al 16 de octubre, se llevar\u00e1 a cabo el Primer Festival &#8216;Los sonidos de la Tierra&#8217;, donde el son y la m\u00fasica tradicional mexicana ser\u00e1n los principales invitados. As\u00ed lo inform\u00f3 en conferencia de prensa, Sa\u00fal Ju\u00e1rez Vega, secretario ejecutivo [&hellip;]<\/p>\n","protected":false},"author":249,"featured_media":0,"comment_status":"open","ping_status":"closed","sticky":false,"template":"","format":"standard","meta":{"footnotes":""},"categories":[1],"tags":[],"class_list":["post-9532","post","type-post","status-publish","format-standard","hentry","category-sin-categoria"],"_links":{"self":[{"href":"https:\/\/eloficiodehistoriar.com.mx\/index.php?rest_route=\/wp\/v2\/posts\/9532","targetHints":{"allow":["GET"]}}],"collection":[{"href":"https:\/\/eloficiodehistoriar.com.mx\/index.php?rest_route=\/wp\/v2\/posts"}],"about":[{"href":"https:\/\/eloficiodehistoriar.com.mx\/index.php?rest_route=\/wp\/v2\/types\/post"}],"author":[{"embeddable":true,"href":"https:\/\/eloficiodehistoriar.com.mx\/index.php?rest_route=\/wp\/v2\/users\/249"}],"replies":[{"embeddable":true,"href":"https:\/\/eloficiodehistoriar.com.mx\/index.php?rest_route=%2Fwp%2Fv2%2Fcomments&post=9532"}],"version-history":[{"count":2,"href":"https:\/\/eloficiodehistoriar.com.mx\/index.php?rest_route=\/wp\/v2\/posts\/9532\/revisions"}],"predecessor-version":[{"id":9534,"href":"https:\/\/eloficiodehistoriar.com.mx\/index.php?rest_route=\/wp\/v2\/posts\/9532\/revisions\/9534"}],"wp:attachment":[{"href":"https:\/\/eloficiodehistoriar.com.mx\/index.php?rest_route=%2Fwp%2Fv2%2Fmedia&parent=9532"}],"wp:term":[{"taxonomy":"category","embeddable":true,"href":"https:\/\/eloficiodehistoriar.com.mx\/index.php?rest_route=%2Fwp%2Fv2%2Fcategories&post=9532"},{"taxonomy":"post_tag","embeddable":true,"href":"https:\/\/eloficiodehistoriar.com.mx\/index.php?rest_route=%2Fwp%2Fv2%2Ftags&post=9532"}],"curies":[{"name":"wp","href":"https:\/\/api.w.org\/{rel}","templated":true}]}}