{"id":9535,"date":"2011-10-04T16:16:39","date_gmt":"2011-10-04T22:16:39","guid":{"rendered":"https:\/\/eloficiodehistoriar.com.mx\/?p=9535"},"modified":"2011-10-04T16:16:39","modified_gmt":"2011-10-04T22:16:39","slug":"chihuahua-sede-de-estrenos-de-musica-contemporanea-en-el-fich","status":"publish","type":"post","link":"https:\/\/eloficiodehistoriar.com.mx\/?p=9535","title":{"rendered":"Chihuahua: sede de estrenos de m\u00fasica contempor\u00e1nea en el Fich"},"content":{"rendered":"<p>Akronoticias.com<\/p>\n<p>Con el estreno mundial de singulares piezas musicales de las tendencias m\u00e1s vanguardistas a nivel mundial, y brindando la oportunidad al p\u00fablico chihuahuense de conocer combinaciones poco usuales de instrumentos musicales, este mi\u00e9rcoles 5 de octubre arranca el ciclo de m\u00fasica contempor\u00e1nea que forma parte de la programaci\u00f3n art\u00edstica del S\u00e9ptimo Festival Internacional Chihuahua.<\/p>\n<p>Este ciclo oferta la participaci\u00f3n de tres agrupaciones que ejecutar\u00e1n programas musicales novedosos e inclusive in\u00e9ditos, a la vez que los artistas ofrecer\u00e1n clases maestras y pl\u00e1ticas tanto a la comunidad de la academia musical local como al p\u00fablico en general interesado en conocer las tendencias instrumentales m\u00e1s innovadoras.<\/p>\n<p>Esta jornada art\u00edstica de m\u00fasica contempor\u00e1nea, que tomar\u00e1 como sede el Teatro de C\u00e1mara, arrancar\u00e1 el mi\u00e9rcoles 5 de octubre con el concierto del \u201cEither OR\u201d, singular combinaci\u00f3n de la dupla fagot-violonchelo cuya propuesta musical oscila entre lo contempor\u00e1neo y la improvisaci\u00f3n.<\/p>\n<p>Esta peculiar agrupaci\u00f3n es conformada por la violonchelista S\u00e9verine Ballon y la Fagotista Dafne Vicente-Sandoval, a quienes les gusta explorar ese espacio donde interpretaci\u00f3n e improvisaci\u00f3n convergen para crear un escenario que lleve a la mente a un estado de relajaci\u00f3n, vali\u00e9ndose adem\u00e1s de recursos electr\u00f3nicos tales como secuencias, cajas de ritmos, etc.<\/p>\n<p>El ciclo contin\u00faa con la presentaci\u00f3n de Duplum D\u00fao el 7 de octubre, que es una combinaci\u00f3n de clarinete y percusi\u00f3n que han experimentado con el uso de nuevas tecnolog\u00edas, la improvisaci\u00f3n, as\u00ed como en el teatro musical.<\/p>\n<p>El d\u00fao conformado por el clarinetista Fernando Dom\u00ednguez y el percusionista Iv\u00e1n Manzanilla se present\u00f3 por primera vez en los cursos de m\u00fasica contempor\u00e1nea de Darmstadt, Alemania en 2004. En toda su trayectoria, Duplum D\u00fao ha generado repertorio espec\u00edfico para su instrumentaci\u00f3n por compositores mexicanos y de otras nacionalidades.<\/p>\n<p>La jornada art\u00edstica concluye el s\u00e1bado 8 de octubre, en que se tiene programada la aparici\u00f3n de Eastman Broadband, que, dirigida por tres mexicanos, Juan Trigos como director musical, y Ricardo Zohn-Muldoon y Carlos S\u00e1nchez-Guti\u00e9rrez, se ensamblan para la ejecuci\u00f3n de melod\u00edas contempor\u00e1neas en sus m\u00faltiples facetas.<\/p>\n<p>El programa musical de cada una de las agrupaciones incluye estrenos en M\u00e9xico y en el mundo, algunos de ellos elegidos por sus propios autores, que han elegido el S\u00e9ptimo Festival Internacional Chihuahua como foro para ejecutar sus composiciones por vez primera ante audiencias abiertas, lo cual es una gran distinci\u00f3n no solo para el FICH, sino para toda la comunidad art\u00edstica y cultural del Estado.<\/p>\n<p>Es as\u00ed como se extiende la invitaci\u00f3n para acudir al Teatro de C\u00e1mara los pr\u00f3ximos mi\u00e9rcoles 5, viernes 7 y s\u00e1bado 8 de octubre, en punto de las 20:00 horas, a disfrutar de m\u00fasica nueva, m\u00fasica vanguardista, m\u00fasica diferente, toda ella de gran calidad, como el resto de los espect\u00e1culos que ofrece Gobierno del Estado a trav\u00e9s de la Secretar\u00eda de Educaci\u00f3n, Cultura y Deporte y el Instituto Chihuahuense de la Cultura en este S\u00e9ptimo Festival Internacional Chihuahua.<\/p>\n","protected":false},"excerpt":{"rendered":"<p>Akronoticias.com Con el estreno mundial de singulares piezas musicales de las tendencias m\u00e1s vanguardistas a nivel mundial, y brindando la oportunidad al p\u00fablico chihuahuense de conocer combinaciones poco usuales de instrumentos musicales, este mi\u00e9rcoles 5 de octubre arranca el ciclo de m\u00fasica contempor\u00e1nea que forma parte de la programaci\u00f3n art\u00edstica del S\u00e9ptimo Festival Internacional Chihuahua. [&hellip;]<\/p>\n","protected":false},"author":249,"featured_media":0,"comment_status":"open","ping_status":"closed","sticky":false,"template":"","format":"standard","meta":{"footnotes":""},"categories":[1],"tags":[],"class_list":["post-9535","post","type-post","status-publish","format-standard","hentry","category-sin-categoria"],"_links":{"self":[{"href":"https:\/\/eloficiodehistoriar.com.mx\/index.php?rest_route=\/wp\/v2\/posts\/9535","targetHints":{"allow":["GET"]}}],"collection":[{"href":"https:\/\/eloficiodehistoriar.com.mx\/index.php?rest_route=\/wp\/v2\/posts"}],"about":[{"href":"https:\/\/eloficiodehistoriar.com.mx\/index.php?rest_route=\/wp\/v2\/types\/post"}],"author":[{"embeddable":true,"href":"https:\/\/eloficiodehistoriar.com.mx\/index.php?rest_route=\/wp\/v2\/users\/249"}],"replies":[{"embeddable":true,"href":"https:\/\/eloficiodehistoriar.com.mx\/index.php?rest_route=%2Fwp%2Fv2%2Fcomments&post=9535"}],"version-history":[{"count":1,"href":"https:\/\/eloficiodehistoriar.com.mx\/index.php?rest_route=\/wp\/v2\/posts\/9535\/revisions"}],"predecessor-version":[{"id":9536,"href":"https:\/\/eloficiodehistoriar.com.mx\/index.php?rest_route=\/wp\/v2\/posts\/9535\/revisions\/9536"}],"wp:attachment":[{"href":"https:\/\/eloficiodehistoriar.com.mx\/index.php?rest_route=%2Fwp%2Fv2%2Fmedia&parent=9535"}],"wp:term":[{"taxonomy":"category","embeddable":true,"href":"https:\/\/eloficiodehistoriar.com.mx\/index.php?rest_route=%2Fwp%2Fv2%2Fcategories&post=9535"},{"taxonomy":"post_tag","embeddable":true,"href":"https:\/\/eloficiodehistoriar.com.mx\/index.php?rest_route=%2Fwp%2Fv2%2Ftags&post=9535"}],"curies":[{"name":"wp","href":"https:\/\/api.w.org\/{rel}","templated":true}]}}