{"id":9588,"date":"2011-11-07T20:00:43","date_gmt":"2011-11-08T02:00:43","guid":{"rendered":"https:\/\/eloficiodehistoriar.com.mx\/?p=9588"},"modified":"2011-11-07T20:15:41","modified_gmt":"2011-11-08T02:15:41","slug":"una-noche-con-motel-en-el-plaza","status":"publish","type":"post","link":"https:\/\/eloficiodehistoriar.com.mx\/?p=9588","title":{"rendered":"Una Noche con Motel en El Plaza"},"content":{"rendered":"<p><a href=\"https:\/\/eloficiodehistoriar.com.mx\/wp-content\/uploads\/2011\/11\/3.jpg\"><img loading=\"lazy\" decoding=\"async\" class=\"alignright size-medium wp-image-9584\" src=\"https:\/\/eloficiodehistoriar.com.mx\/wp-content\/uploads\/2011\/11\/3-300x224.jpg\" alt=\"\" width=\"300\" height=\"224\" srcset=\"https:\/\/eloficiodehistoriar.com.mx\/wp-content\/uploads\/2011\/11\/3-300x224.jpg 300w, https:\/\/eloficiodehistoriar.com.mx\/wp-content\/uploads\/2011\/11\/3.jpg 587w\" sizes=\"auto, (max-width: 300px) 100vw, 300px\" \/><\/a><a href=\"https:\/\/eloficiodehistoriar.com.mx\/wp-content\/uploads\/2011\/11\/2.jpg\"><img loading=\"lazy\" decoding=\"async\" class=\"alignnone size-medium wp-image-9585\" src=\"https:\/\/eloficiodehistoriar.com.mx\/wp-content\/uploads\/2011\/11\/2-224x300.jpg\" alt=\"\" width=\"224\" height=\"300\" srcset=\"https:\/\/eloficiodehistoriar.com.mx\/wp-content\/uploads\/2011\/11\/2-224x300.jpg 224w, https:\/\/eloficiodehistoriar.com.mx\/wp-content\/uploads\/2011\/11\/2.jpg 405w\" sizes=\"auto, (max-width: 224px) 100vw, 224px\" \/><\/a><strong>Una Noche con Motel en El Plaza<\/strong><\/p>\n<p><strong>Por Natty F\u00e9lix<\/strong><\/p>\n<p><strong>Fotograf\u00edas: Annie Cort\u00e9s<\/strong><\/p>\n<p>Anochec\u00eda en la Condesa, en una tarde algo lluviosa, cerca del Parque Espa\u00f1a, a las afueras de un antiguo cine, una larga fila de j\u00f3venes que desde tempranas horas esperaban el momento de entrar y compartir una noche especial con cuatro m\u00fasicos. Con un tenor un poco peculiar, que se iba convirtiendo en un viaje a trav\u00e9s del tiempo ante la mirada sigilosa de un jaguar que ve y escucha s\u00f3lo de noche se abren las puertas de El Plaza. La intimidad del lugar se siente desde la entrada, s\u00f3lo unos cuantos metros separan del escenario, reunidos ah\u00ed amigos, familiares y admiradores que se congregaban con el mismo fin: acompa\u00f1arlos en el recuento de su historia, una historia que lleva ya casi 10 a\u00f1os.<\/p>\n<p>Por fin lleg\u00f3 la fecha esperada por todos, una fecha que re\u00fane el trabajo y los sentimientos de varios a\u00f1os, el pretexto: la presentaci\u00f3n de Multicolor 2, una nueva versi\u00f3n de su \u00faltimo disco, una versi\u00f3n m\u00e1s \u00edntima y extendida, donde incluyeron temas que\u00a0 no entraron en la primera edici\u00f3n, entre ellos \u201cOctubre\u201d y \u201cUn A\u00f1o M\u00e1s\u201d, adem\u00e1s de \u201cAurora\u201d que formara parte del soundtrack de la pel\u00edcula \u201cOveja Negra\u201d, tema que interpretaron por primera vez en vivo.<\/p>\n<p>Lleg\u00f3 la hora indicada y los anfitriones no aparec\u00edan, pasaban los minutos y las ansias se dejaban ver\u2026\u2018\u2019Es para darle emoci\u00f3n\u201d, dec\u00edan algunos, pero no hay plazo que no se cumpla y cuando la m\u00fasica de fondo iba desapareciendo, otra melod\u00eda, una un tanto familiar la sustitu\u00eda. Suenan las primeras notas, es el guitarrista, Billy M\u00e9ndez ya est\u00e1 en el escenario y junto a \u00e9l, Rub\u00e9n Puente con las notas bajas, Pepe Dami\u00e1n marcando el ritmo y Lino Casta\u00f1ares complementando el sonido, pero falta alguien, es Rodrigo D\u00e1vila, que al comp\u00e1s de \u201cReloj\u201d sale y saluda a la emocionada multitud.<\/p>\n<p>Acompa\u00f1ando a Motel dos personas importantes en la carrera de todo artista, sus managers Caro Ram\u00edrez y Charly Moreno, quienes los han acompa\u00f1ado en diferentes facetas de su carrera, personajes que aunque no salen al escenario denotan su presencia en cada show al crear un entorno adecuado para que \u00e9stos se lleven a cabo.<\/p>\n<p>Dos estrellas invitadas se esperaban, eran parte del factor sorpresa de la noche, ambas del g\u00e9nero femenino como complemento al tono masculino del grupo, la primera en aparecer: Paty Cant\u00fa, quien a dueto con Billy M\u00e9ndez interpret\u00f3 \u201cDos Palabras\u201d; la segunda Ximena Sari\u00f1ana quien junto con Rodrigo D\u00e1vila le dio cuerpo y voz a \u201cEntre Caminos\u201d.<\/p>\n<p>Los espectadores coreaban todas las canciones, las nuevas y las antiguas, las conocidas y las no tanto, gente de todas las edades, no hubo restricci\u00f3n de ning\u00fan tipo, la \u00fanica condici\u00f3n era que gritaran fuerte.<\/p>\n<p>Los \u201cm\u00e1s fans\u201d, que ocupaban por supuesto la parte delantera de este foro, pod\u00edan en ocasiones tocar la mano del vocalista, que tiene siempre esa conexi\u00f3n con el p\u00fablico, esa cercan\u00eda; imprimiendo esos momentos estaba la reconocida fot\u00f3grafa de m\u00fasica Tony Fran<em>\u00e7<\/em>ois.<\/p>\n<p>Motel, una de las 34 presentaciones que se incluyeron en la cartelera de este nuevo foro en el coraz\u00f3n de la Condesa durante su a\u00f1o de estreno en lo que lo que fuera un lugar de im\u00e1genes y sonidos que hace ya varios a\u00f1os guardara silencio y que en el 2011 recobrara la voz.<\/p>\n<p>Un concierto de casi dos horas donde cada uno de los integrantes demostr\u00f3 con maestr\u00eda el por qu\u00e9 esa noche estaba parado en ese escenario, cada uno en su instrumento, cada uno en su inspiraci\u00f3n. Luces, gr\u00e1ficos, letras de canciones, todo en perfecta sincron\u00eda con el sonido.<\/p>\n<p>Y as\u00ed finaliz\u00f3 la noche de ese 13 de octubre diciendo \u201cAdi\u00f3s a Los \u00c1ngeles\u201d, despu\u00e9s de que el p\u00fablico asistente uniera su voz al un\u00edsono al pedir un tema m\u00e1s para despedirse.<\/p>\n<p>&nbsp;<\/p>\n<p>&nbsp;<\/p>\n<p>&nbsp;<\/p>\n","protected":false},"excerpt":{"rendered":"<p>Una Noche con Motel en El Plaza Por Natty F\u00e9lix Fotograf\u00edas: Annie Cort\u00e9s Anochec\u00eda en la Condesa, en una tarde algo lluviosa, cerca del Parque Espa\u00f1a, a las afueras de un antiguo cine, una larga fila de j\u00f3venes que desde tempranas horas esperaban el momento de entrar y compartir una noche especial con cuatro m\u00fasicos. [&hellip;]<\/p>\n","protected":false},"author":249,"featured_media":9585,"comment_status":"open","ping_status":"closed","sticky":false,"template":"","format":"standard","meta":{"footnotes":""},"categories":[21,11],"tags":[],"class_list":["post-9588","post","type-post","status-publish","format-standard","has-post-thumbnail","hentry","category-espectaculos","category-fotografia"],"_links":{"self":[{"href":"https:\/\/eloficiodehistoriar.com.mx\/index.php?rest_route=\/wp\/v2\/posts\/9588","targetHints":{"allow":["GET"]}}],"collection":[{"href":"https:\/\/eloficiodehistoriar.com.mx\/index.php?rest_route=\/wp\/v2\/posts"}],"about":[{"href":"https:\/\/eloficiodehistoriar.com.mx\/index.php?rest_route=\/wp\/v2\/types\/post"}],"author":[{"embeddable":true,"href":"https:\/\/eloficiodehistoriar.com.mx\/index.php?rest_route=\/wp\/v2\/users\/249"}],"replies":[{"embeddable":true,"href":"https:\/\/eloficiodehistoriar.com.mx\/index.php?rest_route=%2Fwp%2Fv2%2Fcomments&post=9588"}],"version-history":[{"count":5,"href":"https:\/\/eloficiodehistoriar.com.mx\/index.php?rest_route=\/wp\/v2\/posts\/9588\/revisions"}],"predecessor-version":[{"id":9592,"href":"https:\/\/eloficiodehistoriar.com.mx\/index.php?rest_route=\/wp\/v2\/posts\/9588\/revisions\/9592"}],"wp:featuredmedia":[{"embeddable":true,"href":"https:\/\/eloficiodehistoriar.com.mx\/index.php?rest_route=\/wp\/v2\/media\/9585"}],"wp:attachment":[{"href":"https:\/\/eloficiodehistoriar.com.mx\/index.php?rest_route=%2Fwp%2Fv2%2Fmedia&parent=9588"}],"wp:term":[{"taxonomy":"category","embeddable":true,"href":"https:\/\/eloficiodehistoriar.com.mx\/index.php?rest_route=%2Fwp%2Fv2%2Fcategories&post=9588"},{"taxonomy":"post_tag","embeddable":true,"href":"https:\/\/eloficiodehistoriar.com.mx\/index.php?rest_route=%2Fwp%2Fv2%2Ftags&post=9588"}],"curies":[{"name":"wp","href":"https:\/\/api.w.org\/{rel}","templated":true}]}}