{"id":9602,"date":"2011-11-12T19:39:54","date_gmt":"2011-11-13T01:39:54","guid":{"rendered":"https:\/\/eloficiodehistoriar.com.mx\/?p=9602"},"modified":"2011-11-12T19:40:54","modified_gmt":"2011-11-13T01:40:54","slug":"los-bunkers-llevan-musica-libre-a-el-plaza","status":"publish","type":"post","link":"https:\/\/eloficiodehistoriar.com.mx\/?p=9602","title":{"rendered":"Los Bunkers llevan &#8216;M\u00fasica Libre&#8217; a El Plaza"},"content":{"rendered":"<h1>Los Bunkers llevan &#8216;M\u00fasica Libre&#8217; a El Plaza<\/h1>\n<div>\n<div>Por: <a href=\"http:\/\/mipagina.esmas.com\/cesarsaldana\" target=\"_blank\">C\u00e9sar Salda\u00f1a<\/a>| \t\tFuente: esmas.com| \t\t2011-11-12 12:35<\/div>\n<div>\n<div>\n<div><a href=\"http:\/\/www2.esmas.com\/rss\/\" target=\"_blank\"><img decoding=\"async\" src=\"http:\/\/i2.esmas.com\/comunidades\/toolbar\/rss.png\" alt=\"\" \/><\/a><\/div>\n<\/div>\n<\/div>\n<\/div>\n<ul>\n<li> <img loading=\"lazy\" decoding=\"async\" src=\"http:\/\/i2.esmas.com\/2011\/01\/14\/170155\/los-bunkers-300x350.jpg\" border=\"0\" alt=\"Los Bunkers llevan 'M\u00fasica Libre' a El Plaza\" width=\"300\" height=\"350\" \/>Foto: NOTIMEX<\/li>\n<li><\/li>\n<\/ul>\n<h2>La banda chilena interpreta \u00e9xitos como \u00abMi\u00e9ntele\u00bb y \u00abAhora que no est\u00e1s\u00bb en El Plaza Condesa<\/h2>\n<div>\n<div>\n<p><strong>Los Bunkers<\/strong> demostraron ayer en El Plaza Condesa que son uno de los grupos de rock  en espa\u00f1ol favoritos de M\u00e9xico. La banda chilena ofreci\u00f3 un \u00edntimo  concierto en el que lo mismo mostr\u00f3 sus grandes \u00e9xitos como los temas de  su m\u00e1s reciente disco titulado <strong>M\u00fasica Libre<\/strong>.<\/p>\n<p>Vestido con saco y pantal\u00f3n de mezclilla, <strong>\u00c1lvaro L\u00f3pez<\/strong> se gan\u00f3 al  p\u00fablico por la lluvia de temas que recordaron en el recinto. \u00abQue ya  viv\u00ed que te vas\u00bb fue el primero en conseguir capturar la atenci\u00f3n de los  presentes.<\/p>\n<p><strong>Francisco Dur\u00e1n, Mauricio Dur\u00e1n, Gonzalo L\u00f3pez<\/strong> y <strong>Mauricio Basualto<\/strong>,  el resto de los integrantes, consiguieron crear un explosivo ambiente,  que se demostr\u00f3 cuando la gente comenz\u00f3 a corear \u00abUna nube cuelga sobre  m\u00ed\u00bb y \u00abLlueve sobre la ciudad.<\/p>\n<p>Luego la banda record\u00f3 su pa\u00eds de origen con la canci\u00f3n \u00abSantiago de Chile\u00bb, donde \u00abam\u00e9 a una mujer terrible\u00bb cantaba <strong>\u00c1lvaro<\/strong>.  Mientras tanto el p\u00fablico vibraba y hasta se les conced\u00edan sus deseos.  \u00ab&#8216;Te vistes y te vas&#8217;, t\u00f3quenla por favor\u00bb, expresaba un fan\u00e1tico y <strong>Los Bunkers<\/strong> parec\u00edan obedecer, pues luego de unos minutos la mostraron en su repertorio.<\/p>\n<p>Hacia el final del concierto dejaron \u00abAhora que no est\u00e1s\u00bb, la que mejor  respuesta tuvo en toda la noche y en la que el p\u00fablico comenz\u00f3 a saltar.<\/p>\n<p>Luego de un breve receso, la banda ofreci\u00f3 unos cuantos temas m\u00e1s, entre  los que se encontraba \u00abMi\u00e9ntele\u00bb, uno de los cl\u00e1sicos que no pod\u00edan  dejar fuera de su setlist.<\/p>\n<p>Y as\u00ed lleg\u00f3 a su fin una noche de rock cortes\u00eda de <strong>Los Bunkers<\/strong>, que cada vez se afianzan m\u00e1s en la cima del rock en espa\u00f1ol.<\/p>\n<\/div>\n<\/div>\n","protected":false},"excerpt":{"rendered":"<p>Los Bunkers llevan &#8216;M\u00fasica Libre&#8217; a El Plaza Por: C\u00e9sar Salda\u00f1a| Fuente: esmas.com| 2011-11-12 12:35 Foto: NOTIMEX La banda chilena interpreta \u00e9xitos como \u00abMi\u00e9ntele\u00bb y \u00abAhora que no est\u00e1s\u00bb en El Plaza Condesa Los Bunkers demostraron ayer en El Plaza Condesa que son uno de los grupos de rock en espa\u00f1ol favoritos de M\u00e9xico. La [&hellip;]<\/p>\n","protected":false},"author":249,"featured_media":0,"comment_status":"open","ping_status":"closed","sticky":false,"template":"","format":"standard","meta":{"footnotes":""},"categories":[1],"tags":[],"class_list":["post-9602","post","type-post","status-publish","format-standard","hentry","category-sin-categoria"],"_links":{"self":[{"href":"https:\/\/eloficiodehistoriar.com.mx\/index.php?rest_route=\/wp\/v2\/posts\/9602","targetHints":{"allow":["GET"]}}],"collection":[{"href":"https:\/\/eloficiodehistoriar.com.mx\/index.php?rest_route=\/wp\/v2\/posts"}],"about":[{"href":"https:\/\/eloficiodehistoriar.com.mx\/index.php?rest_route=\/wp\/v2\/types\/post"}],"author":[{"embeddable":true,"href":"https:\/\/eloficiodehistoriar.com.mx\/index.php?rest_route=\/wp\/v2\/users\/249"}],"replies":[{"embeddable":true,"href":"https:\/\/eloficiodehistoriar.com.mx\/index.php?rest_route=%2Fwp%2Fv2%2Fcomments&post=9602"}],"version-history":[{"count":2,"href":"https:\/\/eloficiodehistoriar.com.mx\/index.php?rest_route=\/wp\/v2\/posts\/9602\/revisions"}],"predecessor-version":[{"id":9604,"href":"https:\/\/eloficiodehistoriar.com.mx\/index.php?rest_route=\/wp\/v2\/posts\/9602\/revisions\/9604"}],"wp:attachment":[{"href":"https:\/\/eloficiodehistoriar.com.mx\/index.php?rest_route=%2Fwp%2Fv2%2Fmedia&parent=9602"}],"wp:term":[{"taxonomy":"category","embeddable":true,"href":"https:\/\/eloficiodehistoriar.com.mx\/index.php?rest_route=%2Fwp%2Fv2%2Fcategories&post=9602"},{"taxonomy":"post_tag","embeddable":true,"href":"https:\/\/eloficiodehistoriar.com.mx\/index.php?rest_route=%2Fwp%2Fv2%2Ftags&post=9602"}],"curies":[{"name":"wp","href":"https:\/\/api.w.org\/{rel}","templated":true}]}}