{"id":9608,"date":"2011-11-24T22:53:12","date_gmt":"2011-11-25T04:53:12","guid":{"rendered":"https:\/\/eloficiodehistoriar.com.mx\/?p=9608"},"modified":"2011-11-24T22:53:12","modified_gmt":"2011-11-25T04:53:12","slug":"joselo-rangel-va-mas-alla-de-la-musica","status":"publish","type":"post","link":"https:\/\/eloficiodehistoriar.com.mx\/?p=9608","title":{"rendered":"Joselo Rangel va m\u00e1s all\u00e1 de la m\u00fasica"},"content":{"rendered":"<h1>Joselo Rangel va m\u00e1s all\u00e1 de la m\u00fasica<\/h1>\n<div><\/div>\n<div>\n<div>\n<div><img loading=\"lazy\" decoding=\"async\" src=\"http:\/\/img.informador.com.mx\/biblioteca\/imagen\/370x277\/669\/668769.jpg\" alt=\"\" width=\"370\" height=\"277\" \/>Joselo Rangel inicia una etapa en la literatura: tiene un libro por presentar y uno m\u00e1s por publicar.<\/p>\n<div>\n<div><img decoding=\"async\" src=\"http:\/\/assets.informador.com.mx\/img\/new\/masinfo.png\" alt=\"\" \/><\/p>\n<li><a href=\"http:\/\/www.informador.com.mx\/cultura\/2011\/339821\/6\/llegan-a-la-fil-los-dos-primeros-volumenes-de-la-editorial-fim.htm\">Llegan a la FIL los dos primeros vol\u00famenes de la editorial FIM<\/a><\/li>\n<\/div>\n<\/div>\n<\/div>\n<div>\n<ul>\n<li>Se une al cartel de escritores de la FIL<\/li>\n<p>El integrante de Caf\u00e9 Tacvba asegura que el escenario no es el l\u00edmite de sus aspiraciones; dividir los tiempos es la clave<\/ul>\n<p><strong>GUADALAJARA, JALISCO (24\/NOV\/2011).- <\/strong>Su  primer sue\u00f1o fue ser escritor, y digamos que la \u201ctocada\u201d fue una  consecuencia de esa inquietud por componer canciones. No es que le  moleste que lo encasillen como el guitarrista de Caf\u00e9 Tacvba, pero su  faceta musical s\u00f3lo es una de las tantas de Joselo, el ser humano que es  Joselo Rangel.<\/p>\n<p>Si bien es autor de muchos de los m\u00e1s  emblem\u00e1ticos temas de la banda, como Mar\u00eda, Cero y uno, Esa noche, El  baile y el sal\u00f3n y cientos m\u00e1s, el veracruzano prefiere mantenerse al  margen de las etiquetas como m\u00fasico o compositor, aunque lo sea, pues lo  limita a ejercer otras actividades que van m\u00e1s all\u00e1 de los instrumentos  y de las que no puede prescindir en su andanza por esta vida.<\/p>\n<p>El  hecho es que Joselo ha abierto un nuevo cap\u00edtulo en su carrera, se  trata de Cr\u00f3cknicas marcianas, un libro recopilatorio de las columnas  semanales de mismo nombre que durante cinco a\u00f1os ha publicado en un  peri\u00f3dico capitalino de circulaci\u00f3n nacional, y que ser\u00e1 parte de la  primera etapa de publicaciones de la Editorial FIM, sello de la Feria  Internacional de la M\u00fasica, donde tambi\u00e9n figura Notas, publicaci\u00f3n de  Jos\u00e9 Fors.<\/p>\n<p>El artista presentar\u00e1 su libro el 1 de diciembre en la  Feria Internacional del Libro, pr\u00f3xima a iniciar en la ciudad, lo que  significar\u00e1 para Joselo una nueva etapa, pues ya tiene en planes la  publicaci\u00f3n de una novela in\u00e9dita cuya columna vertebral es el rock y la  ficci\u00f3n.<\/p>\n<p>As\u00ed como hoy toca la guitarra, compone canciones y  ma\u00f1ana publica un libro, con tal de no quedarse quieto y c\u00f3modo, pasado  ma\u00f1ana nos puede sorprender hasta \u201ccon un programa de cocina\u201d, dice  entre risas.<\/p>\n<p><strong>\u2014 \u00bfC\u00f3mo te sientes de ser parte de la FIL presentando tus \u201cCr\u00f3cknicas marcianas\u201d?<br \/>\n<\/strong><br \/>\n\u2014  Muy contento, muy feliz de ir a presentar un libro m\u00edo porque ahora se  da mucho que alguien m\u00e1s lo presenta. Es un libro que recopila los  textos que he venido publicando ya desde hace cinco a\u00f1os y en un  principio pens\u00e9 que me invitaban como m\u00fasico a escribir de m\u00fasica, pero  me dijeron \u201cno, queremos que escribas tu particular visi\u00f3n de las  cosas\u201d, entonces mis columnas a veces tratan de m\u00fasica pero muchas veces  tratan de otras cosas: de literatura, cine, c\u00f3mics, casi el clima y  hasta de comida. A lo mejor a mucha gente le puede parecer superflua o  irrespetuosa, pero en realidad eso es lo que soy, no me considero una  persona que le interese la sociedad como tal, sino que me interesan los  individuos, y a partir del individuo veo que funciona la sociedad.<\/p>\n<p><strong>\u2014 \u00bfC\u00f3mo fue la selecci\u00f3n de tus columnas a la hora de armar la antolog\u00eda?<br \/>\n<\/strong><br \/>\n\u2014  Como est\u00e1n escritas semana a semana hay algunos temas que se quedan en  el tiempo, dejan de ser importantes, lo que hice fue quitar todas las  que no resistieron la prueba del tiempo, algunas otras que hay temas  repetidos nada m\u00e1s escog\u00ed la m\u00e1s representativa y as\u00ed me fui, hay  algunas que hablan de Caf\u00e9 Tacvba, otras sobre m\u00ed como individuo, pap\u00e1,  pareja, de alguna manera es mostrar mi visi\u00f3n.<\/p>\n<p><strong>\u2014 \u00bfEntonces quienes lean el libro descubrir\u00e1n a Joselo desde todas sus facetas?<br \/>\n<\/strong><br \/>\n\u2014  Exacto, podr\u00e1n ver varias facetas de mi persona. Lo que me ha sucedido  es que hay personas que se acercan a mi columna porque soy el  guitarrista de Caf\u00e9 Tacvba y a lo mejor son fans, al principio esa era  la forma de acercarse, pero con el tiempo ya me han desligado del grupo,  ahora me siguen porque les gusta lo que escribo y es de los halagos que  m\u00e1s me han gustado, que se acerquen a mis textos a partir de mi  persona, y es un logro tanto para el lector como para m\u00ed.<\/p>\n<p><strong>\u2014 \u00bfPodr\u00edamos decir que este libro te complementa?<br \/>\n<\/strong><br \/>\n\u2014  No precisamente, ser\u00eda un complemento si yo me considerara s\u00f3lo m\u00fasico y  en realidad no me considero m\u00fasico nada m\u00e1s, me despierto y digo \u201csoy  un ser humano\u201d, no me digo \u201csoy un m\u00fasico y todo es alrededor de la  m\u00fasica\u201d, no, soy lo que soy y tengo actividades distintas, una es ser  integrante de Caf\u00e9 Tacvba, pero es una m\u00e1s.<\/p>\n<p><strong>\u2014 \u00bfEres de la idea de no ce\u00f1irse a una profesi\u00f3n sino de ser vers\u00e1til?<br \/>\n<\/strong><br \/>\n\u2014  S\u00ed, de hecho a veces voy de DJ a varios lados, me contratan y hay gente  que me dice \u201ces que no te imagino de DJ\u201d y digo \u201cbueno, pues es tu  bronca, a m\u00ed me gusta esa m\u00fasica\u201d. Es triste que haya gente que nada m\u00e1s  quiere verte en una situaci\u00f3n, no s\u00f3lo en mi caso, con cualquier  persona, puedes hacer lo que quieras, de eso se trata, de hacer lo que  cada uno quiere m\u00e1s all\u00e1 de lo que piensen de ti.<\/p>\n<p><strong>\u2014 \u00bfQu\u00e9 tan dif\u00edcil te resulta dividir tu tiempo en estas dos actividades?<br \/>\n<\/strong><br \/>\n\u2014  Es cuesti\u00f3n de tiempo, a veces la m\u00fasica es muy demandante pero de  repente hay mucho tiempo libre y hay gente que lo utiliza en no hacer  nada y yo no puedo, a m\u00ed me gusta estar haciendo cosas, veo que mis  compa\u00f1eros\u00a0 de Caf\u00e9 Tacvba son iguales, no pueden quedarse quietos,  hacen otras cosas, no s\u00e9 si seamos el \u00fanico grupo que haga estas cosas,  pero s\u00ed nos define, no nos quedamos s\u00f3lo con el rol de\u00a0 \u201ctacvbos\u201d, sino  que vamos m\u00e1s all\u00e1.<\/p>\n<p><strong>\u2014 \u00bfCu\u00e1l es tu postura con respecto a  que los \u00edndices de lectura en M\u00e9xico est\u00e1n por debajo de los tres libros  anuales por persona (seg\u00fan la Encuesta Nacional de Lectura)?<br \/>\n<\/strong><br \/>\n\u2014  Si la gente quiere leer pues que lea, esto de pensar que la gente lea a  fuerzas no se me hace padre, yo que disfruto la lectura me gustar\u00eda que  alguien m\u00e1s la disfrutara igual que yo, pero si eso significa que lo  van a obligar a leer mejor que haga otra cosa, no creo en eso de que  tienes que leer para ser mejor, en realidad no es as\u00ed,\u00a0 hay libros que  no te hacen mejor. La gente dice \u201ctienes que leer\u201d, \u00bfleer qu\u00e9? Hay  libros que hacen mucho mal a la humanidad, depende de la visi\u00f3n del  lector el resultado. La pregunta es \u201c\u00bfpara qu\u00e9 quieres leer?\u201d. Yo dir\u00eda,  si vas a leer algo que no te va a servir mejor no leas, si leen que sea  por gusto.<\/p>\n<p><strong>\u2014 Ahora que ya casi termina el a\u00f1o \u00bfqu\u00e9 sabor de boca te deja este 2011?<br \/>\n<\/strong><br \/>\n\u2014  Fue un a\u00f1o en el que logr\u00e9 hacer muchas cosas, es extra\u00f1o porque para  la gente seguidora de Caf\u00e9 Tacvba es como si no hubiera hecho nada y me  da tristeza pensar que me definen a partir de mi grupo, cuando en  realidad hice muchas cosas, por esa parte me siento feliz. Es extra\u00f1o  porque la gente all\u00e1 fuera tiene miedo, est\u00e1 triste y est\u00e1 mal, pero  habr\u00e1 que definir nuestra vida no en t\u00e9rminos de qu\u00e9 es lo que le pasa  al pa\u00eds, sino en lo que le pasa a uno, a veces pasan cosas en tu vida  muy buenas pero no las quieres aceptar porque all\u00e1 fuera las noticias  dicen que est\u00e1 todo mal. De mi parte todo est\u00e1 bien.<\/div>\n<\/div>\n<\/div>\n<div>\n<div>\n<h1>CR\u00c9DITOS:<\/h1>\n<p>\/ IGRA<\/p><\/div>\n<\/div>\n","protected":false},"excerpt":{"rendered":"<p>Joselo Rangel va m\u00e1s all\u00e1 de la m\u00fasica Joselo Rangel inicia una etapa en la literatura: tiene un libro por presentar y uno m\u00e1s por publicar. Llegan a la FIL los dos primeros vol\u00famenes de la editorial FIM Se une al cartel de escritores de la FIL El integrante de Caf\u00e9 Tacvba asegura que el [&hellip;]<\/p>\n","protected":false},"author":249,"featured_media":0,"comment_status":"open","ping_status":"closed","sticky":false,"template":"","format":"standard","meta":{"footnotes":""},"categories":[1],"tags":[],"class_list":["post-9608","post","type-post","status-publish","format-standard","hentry","category-sin-categoria"],"_links":{"self":[{"href":"https:\/\/eloficiodehistoriar.com.mx\/index.php?rest_route=\/wp\/v2\/posts\/9608","targetHints":{"allow":["GET"]}}],"collection":[{"href":"https:\/\/eloficiodehistoriar.com.mx\/index.php?rest_route=\/wp\/v2\/posts"}],"about":[{"href":"https:\/\/eloficiodehistoriar.com.mx\/index.php?rest_route=\/wp\/v2\/types\/post"}],"author":[{"embeddable":true,"href":"https:\/\/eloficiodehistoriar.com.mx\/index.php?rest_route=\/wp\/v2\/users\/249"}],"replies":[{"embeddable":true,"href":"https:\/\/eloficiodehistoriar.com.mx\/index.php?rest_route=%2Fwp%2Fv2%2Fcomments&post=9608"}],"version-history":[{"count":2,"href":"https:\/\/eloficiodehistoriar.com.mx\/index.php?rest_route=\/wp\/v2\/posts\/9608\/revisions"}],"predecessor-version":[{"id":9610,"href":"https:\/\/eloficiodehistoriar.com.mx\/index.php?rest_route=\/wp\/v2\/posts\/9608\/revisions\/9610"}],"wp:attachment":[{"href":"https:\/\/eloficiodehistoriar.com.mx\/index.php?rest_route=%2Fwp%2Fv2%2Fmedia&parent=9608"}],"wp:term":[{"taxonomy":"category","embeddable":true,"href":"https:\/\/eloficiodehistoriar.com.mx\/index.php?rest_route=%2Fwp%2Fv2%2Fcategories&post=9608"},{"taxonomy":"post_tag","embeddable":true,"href":"https:\/\/eloficiodehistoriar.com.mx\/index.php?rest_route=%2Fwp%2Fv2%2Ftags&post=9608"}],"curies":[{"name":"wp","href":"https:\/\/api.w.org\/{rel}","templated":true}]}}