{"id":9611,"date":"2011-11-24T22:55:22","date_gmt":"2011-11-25T04:55:22","guid":{"rendered":"https:\/\/eloficiodehistoriar.com.mx\/?p=9611"},"modified":"2011-11-24T22:55:22","modified_gmt":"2011-11-25T04:55:22","slug":"llega-dra-a-mexico-con-su-fusion-de-musica-jazz-y-contemporanea","status":"publish","type":"post","link":"https:\/\/eloficiodehistoriar.com.mx\/?p=9611","title":{"rendered":"Llega DRA a M\u00e9xico con su fusi\u00f3n de m\u00fasica jazz y contempor\u00e1nea"},"content":{"rendered":"<div>\n<h1>Llega DRA a M\u00e9xico con su fusi\u00f3n de m\u00fasica jazz y contempor\u00e1nea<\/h1>\n<p>Notimex \t\t\t\t\t\t\t\tNotimex \t\t\t\tjue 24 nov 2011<\/p>\n<\/div>\n<div>\n<div><\/div>\n<p>M\u00e9xico, 24 Nov. (Notimex).- Dirigidos por el vibrafonista  Christopher Dell, la agrupaci\u00f3n alemana de jazz DRA, de la que tambi\u00e9n  forman parte Chistean Ramod (bajo) y F\u00e9lix Astor (bater\u00eda) presentar\u00e1 su  particular fusi\u00f3n de m\u00fasica jazz y contempor\u00e1nea, el lunes 28 de  noviembre, en el Lunario, del Auditorio Nacional.<\/p>\n<p>Durante la presentaci\u00f3n, el p\u00fablico podr\u00e1 apreciar las melod\u00edas en  las que Dell deja ver una influencia de culturas, como la japonesa, la  india y la africana.<\/p>\n<p>En conferencia de prensa, Dell manifest\u00f3 que la manera en que se  impregna de estas influencias culturales es visitando los lugares en los  que se presenta para \u00absentir la energ\u00eda de la ciudad\u00bb y posteriormente  trasladar este rito a su presentaci\u00f3n.<\/p>\n<p>Por lo que antes del concierto de DRA, los integrantes se dar\u00e1n a la  tarea de visitar la Ciudad de M\u00e9xico para llevar \u00abla vibra\u00bb de la  capital al recital que ofrecer\u00e1n esa noche.<\/p>\n<p>Respecto a las influencias musicales coment\u00f3 que toma m\u00e1s tiempo para  hacerse presente en sus composiciones, pues primero deben practicarse  para que se puedan incorporar a la m\u00fasica del ensamble.<\/p>\n<p>Sin embargo, destac\u00f3 que en su m\u00fasica est\u00e1n presentes las influencias musicales de India, Cuba y la samba brasile\u00f1a.<\/p>\n<p>Debido a lo cual ha notado que la complejidad de la m\u00fasica de DRA es  m\u00e1s disfrutada por el p\u00fablico latinoamericano que percibe estos ritmos  en sus piezas que por el alem\u00e1n, quienes consideran la m\u00fasica del grupo  como una propuesta muy intelectual.<\/p>\n<p>En este sentido afirm\u00f3 que la complejidad de sus composiciones radica  en el desarrollo r\u00edtmico y la modulaci\u00f3n de los tiempos, pues para  crear las piezas se unen distintas melod\u00edas con tiempos diferentes para  despu\u00e9s sincronizarlas.<\/p>\n<p>Por ello, la preparaci\u00f3n de cada programa toma un largo aproximado de  cinco a seis a\u00f1os, por lo que la creaci\u00f3n es pr\u00e1cticamente una  investigaci\u00f3n, pero al mismo tiempo resulta muy accesible, pues a pesar  de la complejidad, la improvisaci\u00f3n musical resulta muy fluida.<\/p>\n<p>Afirma que m\u00e1s all\u00e1 de lo intelectual que pudiera parecer la  propuesta de la agrupaci\u00f3n, su m\u00fasica se trata m\u00e1s bien de la diversi\u00f3n  al ejecutarla.<\/p>\n<p>Asegur\u00f3 que DRA no busca con ello emular la complejidad de la  realidad a trav\u00e9s de su m\u00fasica, sino que \u00e9sta sirva como un escape de  las preocupaciones mundanas sin ser un contenido \u00absimple\u00bb.<\/p>\n<p>Enfatiz\u00f3 que la agrupaci\u00f3n, que tambi\u00e9n se presentar\u00e1 en la 25 Feria  Internacional del Libro Guadalajara 2011 (FIL), ofrecer\u00e1 al p\u00fablico  mexicano dos sets de 45 minutos cada uno, que estar\u00e1n llenos de energ\u00eda e  internaci\u00f3n, tanto con el p\u00fablico, como entre los propios m\u00fasicos.<\/p>\n<p>A pesar de que Dell es el compositor de las piezas, \u00e9stas no son una  imposici\u00f3n y cada uno de los integrantes del tr\u00edo propone cambios que  las enriquecen.<\/p>\n<p>Al respecto dijo que la improvisaci\u00f3n en el jazz es una parte vital,  pues a diferencia de la m\u00fasica cl\u00e1sica, este g\u00e9nero no puede ejecutarse  con base en una partitura, ya que \u00absiempre estar\u00eda mal\u00bb.<\/p>\n<p>Para Dell, este g\u00e9nero debe \u00ableerse\u00bb, es decir analizarse para  descubrir las ideas que proporciona cada instrumento, por lo que  considera al Lunario como un escenario ideal para captar todos estos  detalles.<\/p>\n<p>NTX\/EZC\/VLU\/AQF<\/p>\n<\/div>\n","protected":false},"excerpt":{"rendered":"<p>Llega DRA a M\u00e9xico con su fusi\u00f3n de m\u00fasica jazz y contempor\u00e1nea Notimex Notimex jue 24 nov 2011 M\u00e9xico, 24 Nov. (Notimex).- Dirigidos por el vibrafonista Christopher Dell, la agrupaci\u00f3n alemana de jazz DRA, de la que tambi\u00e9n forman parte Chistean Ramod (bajo) y F\u00e9lix Astor (bater\u00eda) presentar\u00e1 su particular fusi\u00f3n de m\u00fasica jazz y [&hellip;]<\/p>\n","protected":false},"author":249,"featured_media":0,"comment_status":"open","ping_status":"closed","sticky":false,"template":"","format":"standard","meta":{"footnotes":""},"categories":[1],"tags":[],"class_list":["post-9611","post","type-post","status-publish","format-standard","hentry","category-sin-categoria"],"_links":{"self":[{"href":"https:\/\/eloficiodehistoriar.com.mx\/index.php?rest_route=\/wp\/v2\/posts\/9611","targetHints":{"allow":["GET"]}}],"collection":[{"href":"https:\/\/eloficiodehistoriar.com.mx\/index.php?rest_route=\/wp\/v2\/posts"}],"about":[{"href":"https:\/\/eloficiodehistoriar.com.mx\/index.php?rest_route=\/wp\/v2\/types\/post"}],"author":[{"embeddable":true,"href":"https:\/\/eloficiodehistoriar.com.mx\/index.php?rest_route=\/wp\/v2\/users\/249"}],"replies":[{"embeddable":true,"href":"https:\/\/eloficiodehistoriar.com.mx\/index.php?rest_route=%2Fwp%2Fv2%2Fcomments&post=9611"}],"version-history":[{"count":1,"href":"https:\/\/eloficiodehistoriar.com.mx\/index.php?rest_route=\/wp\/v2\/posts\/9611\/revisions"}],"predecessor-version":[{"id":9612,"href":"https:\/\/eloficiodehistoriar.com.mx\/index.php?rest_route=\/wp\/v2\/posts\/9611\/revisions\/9612"}],"wp:attachment":[{"href":"https:\/\/eloficiodehistoriar.com.mx\/index.php?rest_route=%2Fwp%2Fv2%2Fmedia&parent=9611"}],"wp:term":[{"taxonomy":"category","embeddable":true,"href":"https:\/\/eloficiodehistoriar.com.mx\/index.php?rest_route=%2Fwp%2Fv2%2Fcategories&post=9611"},{"taxonomy":"post_tag","embeddable":true,"href":"https:\/\/eloficiodehistoriar.com.mx\/index.php?rest_route=%2Fwp%2Fv2%2Ftags&post=9611"}],"curies":[{"name":"wp","href":"https:\/\/api.w.org\/{rel}","templated":true}]}}