{"id":9615,"date":"2011-11-25T23:13:34","date_gmt":"2011-11-26T05:13:34","guid":{"rendered":"https:\/\/eloficiodehistoriar.com.mx\/?p=9615"},"modified":"2011-11-25T23:13:34","modified_gmt":"2011-11-26T05:13:34","slug":"la-musica-rejuvenece-a-obk","status":"publish","type":"post","link":"https:\/\/eloficiodehistoriar.com.mx\/?p=9615","title":{"rendered":"La m\u00fasica rejuvenece a OBK"},"content":{"rendered":"<div>\n<div>\n<h1>La m\u00fasica rejuvenece a OBK<\/h1>\n<\/div>\n<div><\/div>\n<\/div>\n<div>\n<div>\n<h4><a href=\"http:\/\/www.informador.com.mx\/32\/musica\">M\u00fasica<\/a><\/h4>\n<p>|<\/p>\n<h4><a href=\"http:\/\/www.informador.com.mx\/257\/conciertos\">Conciertos<\/a><\/h4>\n<p>|<\/p>\n<h4><a href=\"http:\/\/www.informador.com.mx\/3474\/teatro-estudio-cavaret\">Teatro Estudio Cavaret<\/a><\/h4>\n<\/div>\n<\/div>\n<div><img loading=\"lazy\" decoding=\"async\" src=\"http:\/\/img.informador.com.mx\/biblioteca\/imagen\/370x277\/670\/669250.jpg\" alt=\"\" width=\"370\" height=\"277\" \/>OBK re\u00fane dos d\u00e9cadas de trayectoria en su nueva producci\u00f3n discogr\u00e1fica Nuevas versiones singles 19912011.<\/p>\n<\/div>\n<ul>\n<li>Actualizan propuesta<\/li>\n<p>El d\u00fao est\u00e1 integrado por Jordi S\u00e1nchez y Miguel Arjona<\/ul>\n<p>Informador Redacci\u00f3n \/ IGRA<\/p>\n<p><strong>GUADALAJARA, JALISCO (25\/NOV\/2011).- <\/strong>La  emoci\u00f3n de subir a un escenario y compartir su m\u00fasica con el p\u00fablico es  una sensaci\u00f3n que jam\u00e1s ha abandonado al dueto espa\u00f1ol OBK, conformado  por Jordi S\u00e1nchez y Miguel Arjona.<\/p>\n<p>Y es que con 20 a\u00f1os de  carrera y convertidos en aut\u00e9nticas eminencias de la corriente electro  pop en Espa\u00f1a, el d\u00fao desembarca finalmente para ofrecer su primer gira  en M\u00e9xico, uno de los grandes pendientes en su carrera. Su carta de  presentaci\u00f3n en suelo tapat\u00edo ser\u00e1 la placa OBK. Nuevas versiones  singles 1991\/2011, en la que ofrecen una profunda revisi\u00f3n de lo m\u00e1s  selecto de su material.<\/p>\n<p>Previo al show que ofrece este s\u00e1bado en  el Teatro Estudio Cavaret, Jordi S\u00e1nchez toma la el tel\u00e9fono para hablar  con este medio sobre lo que esperan encontrar ellos en esta tierra,  adem\u00e1s de reconocer que la \u00fanica f\u00f3rmula para garantizar la longevidad  de una banda es el trabajo duro.<\/p>\n<p><strong>\u2014 Es curioso que pese a tener una trayectoria amplia y una base de fan\u00e1ticos fuerte en M\u00e9xico no hayan venido antes a tocar.<br \/>\n<\/strong><br \/>\n\u2014  S\u00ed, es curioso. En los 20 a\u00f1os de carrera s\u00f3lo hab\u00edamos podido venir a  nivel de promoci\u00f3n, pero no a tocar en directo (en vivo) con nuestra  banda. Justamente queremos mostrar una faceta que en M\u00e9xico no se conoce  de nosotros, esa personalidad y fuerza que tiene OBK cuando se presenta  en directo. Es algo que nos apetec\u00eda compartir con el p\u00fablico de este  pa\u00eds, en especial con aquellos que nos han seguido desde que comenzamos  nuestra carrera.<\/p>\n<p><strong>\u2014 \u00bfC\u00f3mo encaja OBK con el actual mosaico de propuestas musicales que hay en todo el mundo?<br \/>\n<\/strong><br \/>\n\u2014  Creo que estamos m\u00e1s vivos que nunca al menos como concepto musical.  Cuando comenzamos la electr\u00f3nica era undergound y poco tomada en cuenta y  dos d\u00e9cadas despu\u00e9s todo est\u00e1 basado en ella gracias a las fusiones que  se dan entre los diversos g\u00e9neros que hay. Para nosotros significa  mucho que conceptos electr\u00f3nicos como David<\/p>\n<p>Guetta est\u00e9n de moda  y nos sentimos dentro de esa \u00f3rbita. OBK goza ahora de buena salud  porque a final de cuentas lo que hemos tratado de hacer siempre son  buenas canciones que toquen, en la medida de lo posible, sentimientos  humanos.<\/p>\n<p><strong>\u2014 \u00bfHay \u201cf\u00f3rmula secreta\u201d para que un concepto musical logre sobrevivir a lo largo de 20 a\u00f1os?<br \/>\n<\/strong><br \/>\n\u2014  La verdad, nosotros no tenemos idea cu\u00e1l es la f\u00f3rmula. Lo que s\u00ed  sabemos es lo que hemos hecho para llegar hasta ac\u00e1: Tener mucha pasi\u00f3n y  mucha fe en lo que hacemos. Gracias a Dios que ha permitido que las  canciones que nos mantienen con vida en este mundo han tenido siempre  una muy buena recepci\u00f3n por parte del p\u00fablico. Creo que no hemos  defraudado a nadie con lo que hemos hecho. Cuando hacemos cuentas no nos  interesa tanto contar los a\u00f1os, sino que mantenemos la misma ilusi\u00f3n  que ten\u00edamos al arrancar.<\/p>\n<p><strong>\u2014 \u00bfQu\u00e9 sigue para ustedes?<br \/>\n<\/strong><br \/>\n\u2014  Nunca pensamos realmente en lo que vamos a hacer dentro de unas semanas  siquiera. Nos gusta disfrutar mucho m\u00e1s el momento y enfocarnos menos  en el qu\u00e9 pasar\u00e1 ma\u00f1ana, porque eso generalmente agrega presi\u00f3n a lo que  estamos haciendo. Disfrutamos esta semana porque es muy especial para  nosotros, porque venimos a un pa\u00eds maravilloso como M\u00e9xico y pensamos  que estamos sembrando una semilla que a futuro podr\u00eda florecer. \u00c9se es  nuestro presente y es lo que queremos disfrutar ahora.<\/p>\n<p><strong>POR CIERTO<br \/>\nAcompa\u00f1ados de Moenia<br \/>\n<\/strong><br \/>\nPara el disco OBK. Nuevas versiones singles 1991\/2011, el conjunto  espa\u00f1ol cont\u00f3 con la colaboraci\u00f3n del grupo de electro pop Moenia, banda  que conocen desde 1995 y con quienes afirman llevar una excelente  relaci\u00f3n. \u201cNos hemos seguido la pista durante mucho tiempo\u201d, asegura  Jordi, quien agrega que esta experiencia result\u00f3 muy importante para su  carrera.<\/p>\n<p><strong> CONCIERTO CANCELADO<\/strong><\/p>\n","protected":false},"excerpt":{"rendered":"<p>La m\u00fasica rejuvenece a OBK M\u00fasica | Conciertos | Teatro Estudio Cavaret OBK re\u00fane dos d\u00e9cadas de trayectoria en su nueva producci\u00f3n discogr\u00e1fica Nuevas versiones singles 19912011. Actualizan propuesta El d\u00fao est\u00e1 integrado por Jordi S\u00e1nchez y Miguel Arjona Informador Redacci\u00f3n \/ IGRA GUADALAJARA, JALISCO (25\/NOV\/2011).- La emoci\u00f3n de subir a un escenario y compartir [&hellip;]<\/p>\n","protected":false},"author":249,"featured_media":0,"comment_status":"open","ping_status":"closed","sticky":false,"template":"","format":"standard","meta":{"footnotes":""},"categories":[1],"tags":[],"class_list":["post-9615","post","type-post","status-publish","format-standard","hentry","category-sin-categoria"],"_links":{"self":[{"href":"https:\/\/eloficiodehistoriar.com.mx\/index.php?rest_route=\/wp\/v2\/posts\/9615","targetHints":{"allow":["GET"]}}],"collection":[{"href":"https:\/\/eloficiodehistoriar.com.mx\/index.php?rest_route=\/wp\/v2\/posts"}],"about":[{"href":"https:\/\/eloficiodehistoriar.com.mx\/index.php?rest_route=\/wp\/v2\/types\/post"}],"author":[{"embeddable":true,"href":"https:\/\/eloficiodehistoriar.com.mx\/index.php?rest_route=\/wp\/v2\/users\/249"}],"replies":[{"embeddable":true,"href":"https:\/\/eloficiodehistoriar.com.mx\/index.php?rest_route=%2Fwp%2Fv2%2Fcomments&post=9615"}],"version-history":[{"count":1,"href":"https:\/\/eloficiodehistoriar.com.mx\/index.php?rest_route=\/wp\/v2\/posts\/9615\/revisions"}],"predecessor-version":[{"id":9616,"href":"https:\/\/eloficiodehistoriar.com.mx\/index.php?rest_route=\/wp\/v2\/posts\/9615\/revisions\/9616"}],"wp:attachment":[{"href":"https:\/\/eloficiodehistoriar.com.mx\/index.php?rest_route=%2Fwp%2Fv2%2Fmedia&parent=9615"}],"wp:term":[{"taxonomy":"category","embeddable":true,"href":"https:\/\/eloficiodehistoriar.com.mx\/index.php?rest_route=%2Fwp%2Fv2%2Fcategories&post=9615"},{"taxonomy":"post_tag","embeddable":true,"href":"https:\/\/eloficiodehistoriar.com.mx\/index.php?rest_route=%2Fwp%2Fv2%2Ftags&post=9615"}],"curies":[{"name":"wp","href":"https:\/\/api.w.org\/{rel}","templated":true}]}}