{"id":9617,"date":"2011-12-18T12:39:17","date_gmt":"2011-12-18T18:39:17","guid":{"rendered":"https:\/\/eloficiodehistoriar.com.mx\/?p=9617"},"modified":"2011-12-18T12:39:17","modified_gmt":"2011-12-18T18:39:17","slug":"adios-a-cesaria-evora-la-diva-que-se-descalzaba-por-los-pobres","status":"publish","type":"post","link":"https:\/\/eloficiodehistoriar.com.mx\/?p=9617","title":{"rendered":"Adi\u00f3s a Ces\u00e1ria \u00c9vora, la diva que se descalzaba por los pobres"},"content":{"rendered":"<p>La cantante originaria de Cabo Verde falleci\u00f3 a los 70 a\u00f1os por complicaciones cardiacas<\/p>\n<p>Adi\u00f3s a Ces\u00e1ria \u00c9vora, la diva que se descalzaba por los pobres<\/p>\n<p>En agosto pasado anunci\u00f3 su \u00faltima grabaci\u00f3n, de la cual esperaba su publicaci\u00f3n en 2012<\/p>\n<p>Recibi\u00f3 varias distinciones internacionales, como la medalla de la Legi\u00f3n de Honor en 2007<\/p>\n<p>\u00c9vora realiz\u00f3 24 grabaciones, en vivo y en estudio. En la imagen, durante su actuaci\u00f3n en el DF en 2000Foto archivo<\/p>\n<p>Dpa<\/p>\n<p>Peri\u00f3dico La Jornada<\/p>\n<p>Domingo 18 de diciembre de 2011, p. 9<\/p>\n<p>Lisboa\/Mindelo, 17 de diciembre. El mundo llora la muerte de Ces\u00e1ria \u00c9vora. La cantante, nacida en 1941 en la antigua colonia portuguesa de Cabo Verde, en la costa occidental de \u00c1frica, era desde hace 20 a\u00f1os una de las voces m\u00e1s c\u00e9lebres y respetadas del continente negro.<\/p>\n<p>Era conocida como La diva de los pies descalzos, debido a la costumbre de subir al escenario sin zapatos, en solidaridad con los pobres de su pa\u00eds.<\/p>\n<p>La Reina de la morna, del melanc\u00f3lico blues caboverdiano, llev\u00f3 sus letras, que hablan casi siempre de la triste historia de su archipi\u00e9lago, de aislamiento, comercio de esclavos y emigraci\u00f3n, a los cinco continentes.<\/p>\n<p>Gan\u00f3 premios, conquist\u00f3 corazones de seguidores y llen\u00f3 plateas en todos los rincones del globo, al tiempo que consolaba a los pobres de su pa\u00eds.<\/p>\n<p>Fue distinguida en Portugal y Alemania; en Estados Unidos, en 2004 le dieron un Grammy por el \u00e1lbum Voz D\u2019Amor, y en 2007, el entonces presidente de Francia Jacques Chirac le otorg\u00f3 la medalla de la Legi\u00f3n de Honor, por mencionar algunos de los premios que recibi\u00f3.<\/p>\n<p>En total produjo, en vivo y en estudio, 24 discos, de los que vendi\u00f3 millones. Y grab\u00f3 con varios de los m\u00e1ximos exponentes de la m\u00fasica mundial, entre ellos muchos iberoamericanos.<\/p>\n<p>En su \u00faltimo \u00e1lbum, Ces\u00e1ria \u00c9vora &amp;&#8230;, de 2010, participaron, entre otros, Caetano Veloso, Pedro Guerra, Salif Keita, Bonnie Raitt y Marisa Monte.<\/p>\n<p>\u00c9vora, que muri\u00f3 hoy en su ciudad natal, Mindelo, en la isla de San Vicente, sufr\u00eda desde hac\u00eda a\u00f1os de problemas de coraz\u00f3n.<\/p>\n<p>Enfermedad<\/p>\n<p>En 2008, durante una gira por Australia sufri\u00f3 un ataque de apoplej\u00eda. En mayo del a\u00f1o pasado, finalmente, se someti\u00f3 en Francia a una operaci\u00f3n de coraz\u00f3n abierto.<\/p>\n<p>Este a\u00f1o lleg\u00f3 al l\u00edmite. A fines de septiembre tuvo que anunciar, muy debilitada, el final de su carrera art\u00edstica, cancelando los restantes conciertos de su gira mundial.<\/p>\n<p>Le cost\u00f3 colgar el micr\u00f3fono. \u00abEst\u00e1 muy triste, no quer\u00eda abandonar los escenarios, pero decidimos que hab\u00eda que seguir la recomendaci\u00f3n de los m\u00e9dicos\u00bb, revel\u00f3 en aquel entonces su m\u00e1nager, Jos\u00e9 da Silva.<\/p>\n<p>\u00c9vora naci\u00f3 el 27 de agosto de 1941 en Mindelo, en la isla de San Vicente, en el seno de una familia de m\u00fasicos. Tras la temprana muerte de su padre, el violinista Justino da Cruz \u00c9vora, fue internada en un hogar para ni\u00f1os hu\u00e9rfanos y m\u00e1s tarde fue criada por una familia tutelar.<\/p>\n<p>Cise, como la llamaban sus amigos, comenz\u00f3 a cantar desde muy joven en bares, hoteles y plazas de su Mindelo natal, acompa\u00f1ada por su hermano Lela al saxof\u00f3n.<\/p>\n<p>Como recib\u00eda muy poco dinero por sus actuaciones, abandon\u00f3 la m\u00fasica entre los 20 y los 30 a\u00f1os, para alimentar a su familia mediante otros empleos.<\/p>\n<p>Deprimida, \u00c9vora luch\u00f3 mucho tiempo contra el alcoholismo, en un periodo que ella misma calific\u00f3 de \u00aba\u00f1os negros\u00bb.<\/p>\n<p>Tard\u00f3 mucho en llegar a la cima: s\u00f3lo a los 47 a\u00f1os firm\u00f3 su primer contrato con una casa discogr\u00e1fica, pero despu\u00e9s los \u00e9xitos se sucedieron r\u00e1pidamente.<\/p>\n<p>Con su quinto \u00e1lbum, Miss Perfumado (1993), la mujer de la voz afinada y \u00fanica, suave y \u00e1spera al mismo tiempo, alcanz\u00f3 fama mundial.<\/p>\n<p>Ahora, tras su muerte por \u00abinsuficencia cardiaca y respiratoria\u00bb, sus seguidores esperan que haya, tal vez, un \u00faltimo extra, pues estaba trabajando en un \u00e1lbum, con diferentes m\u00fasicos de Cabo Verde.<\/p>\n<p>En agosto pasado, en una visita a Lisboa, \u00c9vora afirm\u00f3 que esperaba que la obra pudiera estar lista en pocos meses. \u00abCreo que saldr\u00e1 en 2012\u00bb, hab\u00eda dicho la legendaria cantante.<\/p>\n<p>En caso de que se concrete esta obra p\u00f3stuma, podr\u00e1 deleitar o\u00eddos una vez m\u00e1s, con el sonido de violines, clarinetes, guitarras, acordeones y cavaquinhos.<\/p>\n<p>\u00c9vora cantar\u00e1, entonces, una vez m\u00e1s sobre el dolor, la nostalgia y la esperanza.<\/p>\n<p>Se present\u00f3 dos veces en M\u00e9xico<\/p>\n<p>De la Redacci\u00f3n<\/p>\n<p>Peri\u00f3dico La Jornada<\/p>\n<p>Domingo 18 de diciembre de 2011, p. 9<\/p>\n<p>La diva de los pies descalzos vino dos veces a M\u00e9xico, en 2000 y 2001. En ambas ocasiones se present\u00f3 gratuitamente en el Z\u00f3calo del Distrito Federal, las cuales fueron una fiesta, y en varias salas de conciertos.<\/p>\n<p>En una entrevista concedida a La Jornada (23\/10\/01), la int\u00e9rprete afirm\u00f3: \u201cCuando estuve ah\u00ed, con ustedes \u2013hace m\u00e1s de un a\u00f1o\u2013, me gust\u00f3 la gente. M\u00e9xico es un pa\u00eds donde me han tratado bien, y espero que en esta segunda vez me atiendan mejor&#8230; estar\u00e9 cerca del pueblo; eso es lo importante. Nunca he estado lejos de \u00e9l\u201d.<\/p>\n<p>En esa ocasi\u00f3n vino a promover el disco Sao Vicente di Longe, en el que participaron los m\u00fasicos Caetano Veloso, Chucho Vald\u00e9s, Bonnie Raitt, Pedro Guerra y la Orquesta Arag\u00f3n.<\/p>\n<p>Por la gran pluralidad musical que para \u00c9vora representaba este trabajo, no lo separaba de sus obras anteriores, pues, afirm\u00f3, no entend\u00eda por qu\u00e9 su m\u00fasica se catalogaba dentro de la world music: \u00abLa m\u00fasica es \u00fanica y no necesita de clasificaciones. Depende del tipo de personas\u00bb.<\/p>\n","protected":false},"excerpt":{"rendered":"<p>La cantante originaria de Cabo Verde falleci\u00f3 a los 70 a\u00f1os por complicaciones cardiacas Adi\u00f3s a Ces\u00e1ria \u00c9vora, la diva que se descalzaba por los pobres En agosto pasado anunci\u00f3 su \u00faltima grabaci\u00f3n, de la cual esperaba su publicaci\u00f3n en 2012 Recibi\u00f3 varias distinciones internacionales, como la medalla de la Legi\u00f3n de Honor en 2007 [&hellip;]<\/p>\n","protected":false},"author":249,"featured_media":0,"comment_status":"open","ping_status":"closed","sticky":false,"template":"","format":"standard","meta":{"footnotes":""},"categories":[1],"tags":[],"class_list":["post-9617","post","type-post","status-publish","format-standard","hentry","category-sin-categoria"],"_links":{"self":[{"href":"https:\/\/eloficiodehistoriar.com.mx\/index.php?rest_route=\/wp\/v2\/posts\/9617","targetHints":{"allow":["GET"]}}],"collection":[{"href":"https:\/\/eloficiodehistoriar.com.mx\/index.php?rest_route=\/wp\/v2\/posts"}],"about":[{"href":"https:\/\/eloficiodehistoriar.com.mx\/index.php?rest_route=\/wp\/v2\/types\/post"}],"author":[{"embeddable":true,"href":"https:\/\/eloficiodehistoriar.com.mx\/index.php?rest_route=\/wp\/v2\/users\/249"}],"replies":[{"embeddable":true,"href":"https:\/\/eloficiodehistoriar.com.mx\/index.php?rest_route=%2Fwp%2Fv2%2Fcomments&post=9617"}],"version-history":[{"count":2,"href":"https:\/\/eloficiodehistoriar.com.mx\/index.php?rest_route=\/wp\/v2\/posts\/9617\/revisions"}],"predecessor-version":[{"id":9619,"href":"https:\/\/eloficiodehistoriar.com.mx\/index.php?rest_route=\/wp\/v2\/posts\/9617\/revisions\/9619"}],"wp:attachment":[{"href":"https:\/\/eloficiodehistoriar.com.mx\/index.php?rest_route=%2Fwp%2Fv2%2Fmedia&parent=9617"}],"wp:term":[{"taxonomy":"category","embeddable":true,"href":"https:\/\/eloficiodehistoriar.com.mx\/index.php?rest_route=%2Fwp%2Fv2%2Fcategories&post=9617"},{"taxonomy":"post_tag","embeddable":true,"href":"https:\/\/eloficiodehistoriar.com.mx\/index.php?rest_route=%2Fwp%2Fv2%2Ftags&post=9617"}],"curies":[{"name":"wp","href":"https:\/\/api.w.org\/{rel}","templated":true}]}}