{"id":9620,"date":"2011-12-18T12:50:02","date_gmt":"2011-12-18T18:50:02","guid":{"rendered":"https:\/\/eloficiodehistoriar.com.mx\/?p=9620"},"modified":"2011-12-18T12:50:02","modified_gmt":"2011-12-18T18:50:02","slug":"la-banda-magica-sin-beefheart","status":"publish","type":"post","link":"https:\/\/eloficiodehistoriar.com.mx\/?p=9620","title":{"rendered":"La Banda M\u00e1gica sin Beefheart"},"content":{"rendered":"<div>\n<div>\n<div><span style=\"color: #ffff00;font-family: Arial,Helvetica,sans-serif;font-size: small\"><strong>La Banda M\u00e1gica sin Beefheart<\/strong><\/span><\/div>\n<p><strong><span style=\"color: #000000;font-family: Arial,Helvetica,sans-serif;font-size: xx-small\">Juan Puga<\/span><\/strong><span style=\"color: #ff0000\"> <\/span><\/p>\n<div><span style=\"font-family: Arial,Helvetica,sans-serif\">Rockette Morton, John French y Denny Walley<\/span><\/div>\n<p><strong><span style=\"font-family: Arial,Helvetica,sans-serif;font-size: x-small\">D<\/span><\/strong><span style=\"font-family: Arial,Helvetica,sans-serif\">espu\u00e9s  de una larga  temporada de no presentarse en vivo, los integrantes de  la Banda M\u00e1gica  decidieron reunirse y\u00a0 acabar con la inactividad. A  veinti\u00fan  a\u00f1os de que apareci\u00f3 su \u00faltimo \u00e1lbum y de  que Don Van Vliet,  mejor conocido como Captain Beefheart, se retir\u00f3 de  la m\u00fasica, cinco de  los integrantes decidieron presentarse en vivo en un  concierto que se  celebr\u00f3 en noviembre de 2003 en Sussex, durante un festival, y  m\u00e1s  adelante en el Shepperd\u2019s Bush Empire de  Londres. La Banda M\u00e1gica  tambi\u00e9n se present\u00f3 en el auditorio del barco <em>Queen Mary<\/em> en Los \u00c1ngeles; Matt Groening, creador de <em>Los  Simpson<\/em> y asiduo <em>fan<\/em> de  Captain Beefheart fue maestro de ceremonias en aquella ocasi\u00f3n;  Groening es categ\u00f3rico al afirmar que la m\u00fasica de La Banda M\u00e1gica es lo  mejor que jam\u00e1s se haya hecho en el rock y sostiene que los j\u00f3venes en  la actualidad no deben dejar pasar la  oportunidad de escucharla. <\/span><\/p>\n<p><span style=\"font-family: Arial,Helvetica,sans-serif\">En un video, el  guitarrista Gary Mantis Lucas comenta que el nivel de anticipaci\u00f3n para  la presentaci\u00f3n de La Banda M\u00e1gica, despu\u00e9s de veinti\u00fan a\u00f1os fue   extremadamente alto. \u201cSab\u00edamos que el grado de expectaci\u00f3n por escuchar  la m\u00fasica de Beefheart era muy grande. En 1982, cuando  Don decidi\u00f3  retirarse, apareci\u00f3 el \u00faltimo \u00e1lbum y desde entonces han aparecido   compilaciones, reediciones y antolog\u00edas que han ayudado a activar la  conciencia  de que existe la m\u00fasica de Beefheart, pero lo que m\u00e1s falta  hac\u00eda era\u00a0 un medio ambiente donde la presentaci\u00f3n en  vivo de la banda  fuera posible.\u201d Mark Boston, bajista, explica que en los a\u00f1os  en que  surgi\u00f3 la banda el p\u00fablico no estaba preparado. \u201cAhora es diferente, con   los nuevos g\u00e9neros alternativos que han aparecido, como el punk y el  new wave,  las mentes han cambiado y ahora es m\u00e1s f\u00e1cil  de entender.\u201d  El tambi\u00e9n guitarrista Denny Walley sostiene que la m\u00fasica de la banda  es c\u00edclica y ha realizado un c\u00edrculo  completo, lo cual significa que  adquiere nuevo encanto, tanto para los viejos  como para los nuevos <em>fans<\/em>.<\/span><\/p>\n<p><span style=\"font-family: Arial,Helvetica,sans-serif\">La  idea de un reencuentro de La Banda M\u00e1gica no  significaba, en este caso, una tediosa labor de rescate de viejos <em>hits<\/em> o un  aburrido proceso de maquillaje de  viejas canciones para hacerlas  parecer  nuevas y recaudar lo que resultara. Groening afirma que aunque  se  vuelvan a tocar las viejas canciones, el esp\u00edritu no siempre est\u00e1  all\u00ed. \u201cEsto m\u00e1s bien fue como grabar un \u00e1lbum completamente  nuevo, con  nueva tecnolog\u00eda de grabaci\u00f3n y,  consecuentemente, mejor sonido, que  resultara en un verdadero impacto en  el p\u00fablico.\u201d Por otra parte, el  temor de que una reuni\u00f3n m\u00e1s de un viejo grupo  no resultara suficiente y  por si fuera poco, el riesgo de prescindir del  carism\u00e1tico hombre al  frente de la banda, puso en duda todo el proyecto.<\/span><\/p>\n<p><span style=\"font-family: Arial,Helvetica,sans-serif\">Presentarse  sin Van Vliet  era algo impensable. \u00bfC\u00f3mo reemplazar a un artista semejante, a  un  genio de sus dimensiones, a uno de los mejores vocalistas del rock? En  fin\u2026  Adem\u00e1s del temor de presentarse sin su  hombre, exist\u00eda el  recuerdo de un ambiente sumamente tenso, en el que, a  pesar del  disfrute que representaba trabajar al lado de Van Vliet,\u00a0 su fuerte   personalidad y su brillantez como vocalista oscurec\u00edan la importancia  del resto  de los m\u00fasicos. Denny Walley afirma  haber escuchado a Mark  Boston y John French decir que hab\u00edan  experimentado una situaci\u00f3n \u201cpoco  democr\u00e1tica\u201d, muy diferente a la actual, en la que no ten\u00edan opci\u00f3n en  muchas \u00e1reas;  todo aquello dificult\u00f3 el trabajo de reunir a  los  m\u00fasicos, pues exist\u00edan recuerdos \u201chorribles\u201d. \u201cCreo que ahora existe   m\u00e1s entusiasmo en presentarse con la banda.\u201d <\/span><\/p>\n<p><span style=\"font-family: Arial,Helvetica,sans-serif\">Pero, entonces, \u00bfqui\u00e9n iba  a reemplazar a Don? Su m\u00fasica les encantaba pero, \u00bfc\u00f3mo tocarla sin las  vocales? Se pens\u00f3  en alguien extra\u00f1o a la banda, un imitador, a  lo  que John French se opuso terminantemente. La respuesta estuvo en el   mismo French, quien se ofreci\u00f3 como vocalista ante el escepticismo de  varios de  sus colegas; Walley afirma haberlo escuchado  antes y no  haber tenido en aquel  momento la menor pista de lo que podr\u00eda hacer,  hasta que un d\u00eda French  fue escuchado por todos\u2026 Cuando esto sucedi\u00f3,  no solamente estuvieron de  acuerdo, sino que quedaron gratamente  sorprendidos de la forma en que lo hac\u00eda  y muy optimistas en cuanto a  los resultados. French logr\u00f3 hacer funcionar el  proyecto.<\/span><\/p>\n<p><span style=\"font-family: Arial,Helvetica,sans-serif\">\u201cNadie puede reemplazar a  Don Van Vliet, quien  figura al lado de luminarias y leyendas del  blues,\u2013afirma Matt Groening \u2013. John  French no es Don pero aporta la  vida, el sentimiento de confianza y la validez que realmente merecen los  temas  y creo que nadie saldr\u00e1 decepcionado.\u201d<\/span><\/p>\n<p><span style=\"font-family: Arial,Helvetica,sans-serif\">En el  video oficial, se  presenta La Banda M\u00e1gica en vivo durante el concierto celebrado  en el  teatro Shepperd Bush Empire, de  Londres, en el cual aparecen en  escena  John French (Drumbo) en la bater\u00eda, Gary Mantis Lucas y Denny Walley en   guitarras y Mark Boston (Rockette Morton) en el bajo. Robert Williams  sustituye  a French cuando \u00e9ste se hace cargo de las vocales y la  arm\u00f3nica. <\/span><\/p>\n<p><span style=\"font-family: Arial,Helvetica,sans-serif\">El  concierto inicia con \u201cAbba Zabba\u201d, de <em>Safe as Milk<\/em>,  prosigue con estupendas versiones instrumentales del \u00e1lbum <em>Trout Mask Replica<\/em> as\u00ed  como material de <em>Safe as Milk<\/em>, <em>Strictly Personal<\/em>, <em>Ice Cream for Crow<\/em>, <em>Bat Chain Puller<\/em>, <em>Clear Spot<\/em>, <em>Lick My Decals Off, Baby<\/em> y <em>Spotlight Kid<\/em>.  En  el mismo video hay escenas de un concierto en  Camber Sands,  Sussex, previo a su actuaci\u00f3n en Londres, as\u00ed como un  reportaje sobre  la gira.<\/span><\/p>\n<p><span style=\"font-family: Arial,Helvetica,sans-serif\">Adem\u00e1s del video del  concierto, existe un cd grabado en los estudios Paradoxx de California;  ambos constituyen un homenaje con el que el Capit\u00e1n Beefheart se habr\u00eda  sentido muy honrado, como pueden confirmarlo las  l\u00e1grimas de Mat  Groenning.<\/span><\/p>\n<p><span style=\"font-family: Arial,Helvetica,sans-serif\">Beefheart muri\u00f3 el 16 de  diciembre de 2010. <\/span><\/p>\n<\/div>\n<\/div>\n","protected":false},"excerpt":{"rendered":"<p>La Banda M\u00e1gica sin Beefheart Juan Puga Rockette Morton, John French y Denny Walley Despu\u00e9s de una larga temporada de no presentarse en vivo, los integrantes de la Banda M\u00e1gica decidieron reunirse y\u00a0 acabar con la inactividad. A veinti\u00fan a\u00f1os de que apareci\u00f3 su \u00faltimo \u00e1lbum y de que Don Van Vliet, mejor conocido como [&hellip;]<\/p>\n","protected":false},"author":249,"featured_media":0,"comment_status":"open","ping_status":"closed","sticky":false,"template":"","format":"standard","meta":{"footnotes":""},"categories":[1],"tags":[],"class_list":["post-9620","post","type-post","status-publish","format-standard","hentry","category-sin-categoria"],"_links":{"self":[{"href":"https:\/\/eloficiodehistoriar.com.mx\/index.php?rest_route=\/wp\/v2\/posts\/9620","targetHints":{"allow":["GET"]}}],"collection":[{"href":"https:\/\/eloficiodehistoriar.com.mx\/index.php?rest_route=\/wp\/v2\/posts"}],"about":[{"href":"https:\/\/eloficiodehistoriar.com.mx\/index.php?rest_route=\/wp\/v2\/types\/post"}],"author":[{"embeddable":true,"href":"https:\/\/eloficiodehistoriar.com.mx\/index.php?rest_route=\/wp\/v2\/users\/249"}],"replies":[{"embeddable":true,"href":"https:\/\/eloficiodehistoriar.com.mx\/index.php?rest_route=%2Fwp%2Fv2%2Fcomments&post=9620"}],"version-history":[{"count":2,"href":"https:\/\/eloficiodehistoriar.com.mx\/index.php?rest_route=\/wp\/v2\/posts\/9620\/revisions"}],"predecessor-version":[{"id":9622,"href":"https:\/\/eloficiodehistoriar.com.mx\/index.php?rest_route=\/wp\/v2\/posts\/9620\/revisions\/9622"}],"wp:attachment":[{"href":"https:\/\/eloficiodehistoriar.com.mx\/index.php?rest_route=%2Fwp%2Fv2%2Fmedia&parent=9620"}],"wp:term":[{"taxonomy":"category","embeddable":true,"href":"https:\/\/eloficiodehistoriar.com.mx\/index.php?rest_route=%2Fwp%2Fv2%2Fcategories&post=9620"},{"taxonomy":"post_tag","embeddable":true,"href":"https:\/\/eloficiodehistoriar.com.mx\/index.php?rest_route=%2Fwp%2Fv2%2Ftags&post=9620"}],"curies":[{"name":"wp","href":"https:\/\/api.w.org\/{rel}","templated":true}]}}