{"id":9625,"date":"2012-01-06T23:24:53","date_gmt":"2012-01-07T05:24:53","guid":{"rendered":"https:\/\/eloficiodehistoriar.com.mx\/?p=9625"},"modified":"2012-01-06T23:24:53","modified_gmt":"2012-01-07T05:24:53","slug":"mesa-de-dialogo-plastica-musica-e-impacto-social-marilyn-manson","status":"publish","type":"post","link":"https:\/\/eloficiodehistoriar.com.mx\/?p=9625","title":{"rendered":"Mesa de di\u00e1logo PL\u00c1STICA, M\u00daSICA E IMPACTO SOCIAL: MARILYN MANSON"},"content":{"rendered":"<p>Mesa de di\u00e1logo<br \/>\nPL\u00c1STICA, M\u00daSICA E IMPACTO SOCIAL: MARILYN<br \/>\nMANSON<br \/>\n15 de noviembre, 18:00 hrs.<br \/>\nPara todo p\u00fablico. Actividad gratuita<br \/>\nEl Antiguo Colegio de San Ildefonso, como parte de las<br \/>\nactividades programadas de la exposici\u00f3n Marilyn Manson:<br \/>\nThe Path of Misery, ofrece la conferencia Pl\u00e1stica, m\u00fasica<br \/>\ne impacto social, en donde se pretende dirigir la mirada a<br \/>\nla obra del m\u00fasico norteamericano en un salto de los<br \/>\nescenarios, a su quehacer como pintor; actividad que lleva<br \/>\nvarios a\u00f1os realizando.<br \/>\nSu obra pict\u00f3rica se compone de trazos burdos, heridas<br \/>\nsangrantes, figuras deformes, que est\u00e1n muy ligadas a su<br \/>\nm\u00fasica y que provocan movilizar los sentimientos de las<br \/>\npersonas, a trav\u00e9s de la oposici\u00f3n a la moral, a la raz\u00f3n y a<br \/>\nlas convenciones preestablecidas; por lo que crea pol\u00e9mica<br \/>\ntanto en sus detractores como en los seguidores de su<br \/>\nm\u00fasica.<br \/>\nMarilyn Manson aprovecha la publicidad negativa para<br \/>\nderribar las estructuras sociales y pretende fungir como<br \/>\ncatalizador de un movimiento de cambio trasgresor. Con el<br \/>\nuso excesivo de im\u00e1genes sexuales radicales, plasma<br \/>\npensamientos profundos, proyectivos, miedos e incluso<br \/>\nbromas de la vida cotidiana. La mayor\u00eda de su trabajo se<br \/>\ntrata de autorretratos donde se esconde entre lo masculino<br \/>\ny lo femenino.<br \/>\nSer cantante, es la parte externa del int\u00e9rprete de Beautiful<br \/>\nPeople, ser pintor es la introspecci\u00f3n de su propia figura<br \/>\nexterna. Entonces la pregunta queda abierta \u00bfQu\u00e9 tan real<br \/>\nes su profunda reflexi\u00f3n sobre la<br \/>\nvida, o \u00e9sta queda rebasada por su figura como \u00edcono del<br \/>\nrock?<br \/>\nParticipantes<br \/>\nLa mesa de dialogo estar\u00e1 integrada por especialistas en<br \/>\ndiferentes ramas del conocimiento humano, el arte y la<br \/>\ncultura. Contando con la presencia del Mtro. Jarret Juli\u00e1n<br \/>\nWoodside Woods, estudioso del Rock y de la m\u00fasica<br \/>\nalternativa. Es licenciado Comunicaci\u00f3n Social por la<br \/>\nUniversidad Aut\u00f3noma Metropolitana, con especializaci\u00f3n<br \/>\nen Semi\u00f3tica Intertextual y maestr\u00eda en Historia Cultural<br \/>\ncon especializaci\u00f3n en Memoria e Identidad, obteniendo<br \/>\nambos grados con tesis relacionadas con el estudio de la<br \/>\nm\u00fasica y el sonido como fen\u00f3meno constructor de<br \/>\nidentidad y memoria colectiva. Tambi\u00e9n se desempe\u00f1a<br \/>\ncomo periodista y cr\u00edtico musical. Ha colaborado en<br \/>\nrevistas como AZ, Switch, Dj Concept, Marvin y Zin y en<br \/>\nblogs y sitios de Internet como Panamerika.fm, Afterpop.tv<br \/>\ny Rock.com.mx. Ha entrevistado a m\u00e1s de 50<br \/>\npersonalidades de la m\u00fasica, la cultura y las artes tanto de<br \/>\nM\u00e9xico como del extranjero. En el \u00e1mbito acad\u00e9mico<br \/>\ncuenta con diversas publicaciones de divulgaci\u00f3n<br \/>\nnacionales y extranjeras; ha impartido ponencias, cursos y<br \/>\ntalleres relacionados con la semi\u00f3tica, la historia, la m\u00fasica<br \/>\ny el dise\u00f1o sonoro en el Cine en la UNAM, la UAM, la Ibero,<br \/>\nla UACM, el Tec, el Cenart y la Universidad de Helsinki;<br \/>\nadem\u00e1s de haber trabajado como dise\u00f1ador sonoro y editor<br \/>\nde audio para cortometrajes mexicanos proyectados tanto<br \/>\nen M\u00e9xico como en festivales de cine como el Festival de<br \/>\nCortometrajes de Berl\u00edn.<br \/>\nLa Mtra. Rosa Martha Aguilar Olea (Maude Olea),<br \/>\nactualmente se est\u00e1 Doctorando en historia del arte. Es<br \/>\nLicenciada y Maestra en Filosof\u00eda por la UNAM. Licenciada<br \/>\nen artes visuales (ENAP\/UNAM). Ha recibido las becas<br \/>\nCONACYT y fundaci\u00f3n UNAM. Se desempe\u00f1a como Jefa<br \/>\ndel Colegio de Teor\u00eda de la licenciatura de artes visuales y<br \/>\ncomo tutora del programa de posgrado en artes visuales en<br \/>\nla Academia de San Carlos. Tutora nivel licenciatura becas<br \/>\nPRONABES. Como docente ha participado como titular de<br \/>\nla maestr\u00eda en dise\u00f1o, comunicaci\u00f3n visual y artes visuales,<br \/>\nas\u00ed como en varios diplomados impartidos en la Facultad<br \/>\nde Filosof\u00eda y Letras UNAM. Ha sido titular de asignaturas<br \/>\nen la ENAP y en el CNA-INBA sobre arte contempor\u00e1neo y<br \/>\narte urbano, est\u00e9tica y teor\u00edas para la construcci\u00f3n<br \/>\nargumentativa de la Danza Contempor\u00e1nea y Cl\u00e1sica. Ha<br \/>\nrealizado producciones pl\u00e1sticas presentadas en m\u00e1s de 20<br \/>\nexposiciones colectivas en M\u00e9xico y Cuba. Cuenta con<br \/>\nparticipaciones en diversos diplomados, seminarios, cursos<br \/>\ny conferencias en torno a temas de est\u00e9tica<br \/>\ncontempor\u00e1nea, hermen\u00e9utica, arte urbano, arte<br \/>\ncontempor\u00e1neo y religi\u00f3n, sustentando sus estudios en el<br \/>\nan\u00e1lisis de los v\u00ednculos entre las producciones culturales, la<br \/>\npol\u00edtica, las estrategias econ\u00f3micas y su repercusi\u00f3n en los<br \/>\n\u00e1mbitos sociales y educativos. Ha sido invitada a<br \/>\nparticipar en publicaciones del Instituto de Investigaciones<br \/>\nEst\u00e9ticas para el an\u00e1lisis de monumentos y edificaciones<br \/>\nde la ciudad de M\u00e9xico en el tiempo. Actualmente<br \/>\npertenece a la Asociaci\u00f3n Internacional de Cr\u00edticos de Arte<br \/>\n(AICA), Secci\u00f3n M\u00e9xico.<br \/>\nLa mesa contar\u00e1 con la opini\u00f3n del Mtro. Alfredo Nateras<br \/>\nDom\u00ednguez, profesor-investigador de culturas e<br \/>\nidentidades juveniles en espacios urbanos de la UAMIztapalapa.<br \/>\nActualmente es maestro y doctorante en<br \/>\nCiencias Antropol\u00f3gicas por la UAM. Es licenciado y<br \/>\nmaestro en Psicolog\u00eda Social por la UNAM y especialista en<br \/>\ncoordinaci\u00f3n de grupos operativos, por la Escuela<br \/>\nInterdisciplinaria de Aprendizaje y Comunicaci\u00f3n Grupal<br \/>\n(EIDAC). Actualmente es Profesor investigador de tiempo<br \/>\ncompleto en la UAM-I y Coordinador General del<br \/>\nDiplomado Culturas Juveniles Teor\u00eda e Investigaci\u00f3n. Se ha<br \/>\ndesempe\u00f1ado como Jefe de Proyectos Nacionales en<br \/>\nPrevenci\u00f3n de Drogas en Centros de Integraci\u00f3n Juvenil y<br \/>\nsus l\u00edneas de Investigaci\u00f3n versan sobre la cultura urbana,<br \/>\nlas adscripciones identitarias juveniles, las significaciones<br \/>\ndel cuerpo, las violencias y muerte en sujetos<br \/>\ntransnacionales y el uso social de drogas en espacios del<br \/>\ndivertimento. Cuenta con publicaciones y art\u00edculos en<br \/>\nrevistas y libros colectivos, con los t\u00edtulos: Artistas de la piel<br \/>\ny decoraci\u00f3n corporal en j\u00f3venes; Las Maras. Identidades<br \/>\njuveniles al l\u00edmite; y J\u00f3venes, identidades y cultura urbana.<br \/>\nComo moderador de la mesa nos acompa\u00f1ara el Dr. Jos\u00e9<br \/>\nEduardo Tappan Merino, Doctor en Ciencias<br \/>\nAntropol\u00f3gicas, psicoanalista, pintor. Licenciado, Maestro y<br \/>\nDoctor en Ciencias Antropol\u00f3gicas por la UAM, Maestro en<br \/>\nTeor\u00eda Psicoanal\u00edtica por el CIEP. Tiene m\u00e1s de un<br \/>\ncentenar de art\u00edculos en peri\u00f3dicos y revistas. Ha publicado<br \/>\ntres libros: Epistemolog\u00eda y psicoan\u00e1lisis, editado por la<br \/>\nUniversidad Aut\u00f3noma de San Luis Potos\u00ed en el 2002; Una<br \/>\noscura claridad; as\u00ec como la Introducci\u00f3n epistemol\u00f3gica al<br \/>\npsicoan\u00e1lisis, editado por la Escuela Libre de Psicolog\u00eda y<br \/>\nla Benem\u00e9rita Universidad Aut\u00f3noma de Puebla, en el<br \/>\n2007. Ha sido profesor en diversas instituciones de<br \/>\neducaci\u00f3n superior en M\u00e9xico por m\u00e1s de 25 a\u00f1os.<br \/>\nInvestigador en CIESAS y la UNAM. Miembro del comit\u00e9<br \/>\neditorial de Carta Psicoanal\u00edtica.<\/p>\n","protected":false},"excerpt":{"rendered":"<p>Mesa de di\u00e1logo PL\u00c1STICA, M\u00daSICA E IMPACTO SOCIAL: MARILYN MANSON 15 de noviembre, 18:00 hrs. Para todo p\u00fablico. Actividad gratuita El Antiguo Colegio de San Ildefonso, como parte de las actividades programadas de la exposici\u00f3n Marilyn Manson: The Path of Misery, ofrece la conferencia Pl\u00e1stica, m\u00fasica e impacto social, en donde se pretende dirigir la [&hellip;]<\/p>\n","protected":false},"author":249,"featured_media":0,"comment_status":"open","ping_status":"closed","sticky":false,"template":"","format":"standard","meta":{"footnotes":""},"categories":[1],"tags":[],"class_list":["post-9625","post","type-post","status-publish","format-standard","hentry","category-sin-categoria"],"_links":{"self":[{"href":"https:\/\/eloficiodehistoriar.com.mx\/index.php?rest_route=\/wp\/v2\/posts\/9625","targetHints":{"allow":["GET"]}}],"collection":[{"href":"https:\/\/eloficiodehistoriar.com.mx\/index.php?rest_route=\/wp\/v2\/posts"}],"about":[{"href":"https:\/\/eloficiodehistoriar.com.mx\/index.php?rest_route=\/wp\/v2\/types\/post"}],"author":[{"embeddable":true,"href":"https:\/\/eloficiodehistoriar.com.mx\/index.php?rest_route=\/wp\/v2\/users\/249"}],"replies":[{"embeddable":true,"href":"https:\/\/eloficiodehistoriar.com.mx\/index.php?rest_route=%2Fwp%2Fv2%2Fcomments&post=9625"}],"version-history":[{"count":1,"href":"https:\/\/eloficiodehistoriar.com.mx\/index.php?rest_route=\/wp\/v2\/posts\/9625\/revisions"}],"predecessor-version":[{"id":9626,"href":"https:\/\/eloficiodehistoriar.com.mx\/index.php?rest_route=\/wp\/v2\/posts\/9625\/revisions\/9626"}],"wp:attachment":[{"href":"https:\/\/eloficiodehistoriar.com.mx\/index.php?rest_route=%2Fwp%2Fv2%2Fmedia&parent=9625"}],"wp:term":[{"taxonomy":"category","embeddable":true,"href":"https:\/\/eloficiodehistoriar.com.mx\/index.php?rest_route=%2Fwp%2Fv2%2Fcategories&post=9625"},{"taxonomy":"post_tag","embeddable":true,"href":"https:\/\/eloficiodehistoriar.com.mx\/index.php?rest_route=%2Fwp%2Fv2%2Ftags&post=9625"}],"curies":[{"name":"wp","href":"https:\/\/api.w.org\/{rel}","templated":true}]}}