{"id":9764,"date":"2013-05-29T21:05:37","date_gmt":"2013-05-30T03:05:37","guid":{"rendered":"https:\/\/eloficiodehistoriar.com.mx\/?p=9764"},"modified":"2013-05-29T22:09:08","modified_gmt":"2013-05-30T04:09:08","slug":"rodrigo-pla-recibe-el-ariel-a-mejor-director","status":"publish","type":"post","link":"https:\/\/eloficiodehistoriar.com.mx\/?p=9764","title":{"rendered":"Rodrigo Pl\u00e1 recibe el Ariel a Mejor Director"},"content":{"rendered":"<h1 style=\"text-align: center;\">Rodrigo Pl\u00e1 recibe el Ariel a Mejor Director por\u00a0<q>La Demora<\/q><\/h1>\n<h1><\/h1>\n<h1 id=\"watch-headline-title\">La Demora &#8211; Trailer:\u00a0<a href=\"http:\/\/www.youtube.com\/watch?v=RKgpFgdgWYA\">http:\/\/www.youtube.com\/watch?v=RKgpFgdgWYA<\/a><\/h1>\n<h1 id=\"firstHeading\" lang=\"es\">Rodrigo Pl\u00e1<\/h1>\n<div id=\"bodyContent\">\n<div id=\"contentSub\"><\/div>\n<div dir=\"ltr\" id=\"mw-content-text\" lang=\"es\">\n<div><a href=\"http:\/\/commons.wikimedia.org\/wiki\/File:Rodrigo_Pla.jpg\"><img loading=\"lazy\" decoding=\"async\" alt=\"\" src=\"http:\/\/upload.wikimedia.org\/wikipedia\/commons\/thumb\/2\/2e\/Rodrigo_Pla.jpg\/220px-Rodrigo_Pla.jpg\" srcset=\"\/\/upload.wikimedia.org\/wikipedia\/commons\/thumb\/2\/2e\/Rodrigo_Pla.jpg\/330px-Rodrigo_Pla.jpg 1.5x, \/\/upload.wikimedia.org\/wikipedia\/commons\/thumb\/2\/2e\/Rodrigo_Pla.jpg\/440px-Rodrigo_Pla.jpg 2x\" width=\"220\" height=\"159\" \/><\/a><\/div>\n<\/div>\n<\/div>\n<div><\/div>\n<p>Rodrigo Pl\u00e1 (n. el 9 de junio de 1968 en Montevideo, Uruguay) es un director de cine uruguayo radicado en M\u00e9xico. Dirige primordialmente obras de ficci\u00f3n, de las cuales generalmente es autor o coautor del guion.<\/p>\n<p>&nbsp;<\/p>\n<p>&nbsp;<\/p>\n<h2>La demora<\/h2>\n<div><img decoding=\"async\" alt=\"La  demora\" src=\"http:\/\/www.cinetecanacional.net\/imagenes\/img_peliculas\/11258-B.jpg\" width=\"400px\" \/><\/div>\n<div>\n<p>Dir:\u00a0Rodrigo Pl\u00e1.<\/p>\n<p>Pa\u00eds:\u00a0Uruguay-M\u00e9xico-Francia<\/p>\n<p>A\u00f1o:\u00a02012.<\/p>\n<p>Gui\u00f3n:\u00a0Laura Santullo.<\/p>\n<p>Fotograf\u00eda en C.:\u00a0Mar\u00eda Secco.<\/p>\n<p>M\u00fasica:\u00a0Leonardo Heiblum y Jacobo Lieberman.<\/p>\n<p>Edici\u00f3n:\u00a0Miguel Schverdfinger.<\/p>\n<p>Con:\u00a0Roxana Blanco (Mar\u00eda), Carlos Vallarino (Agust\u00edn), \u00d3scar Pernas (N\u00e9stor).<\/p>\n<p>Prod:\u00a0Christian Valdeli\u00e8vre, Sandino Saravia Vinay y Rodrigo Pl\u00e1.<\/p>\n<p>Duraci\u00f3n:\u00a084\u00a0mins.<\/p>\n<p>Dist:\u00a0Cinemas Nueva Era.<\/p>\n<p>Clasificaci\u00f3n:\u00a0B.<\/p>\n<\/div>\n<p style=\"text-align: justify;\">\n<div>\n<p style=\"text-align: justify;\">Montevideo. Conforme el anciano Agust\u00edn es cada d\u00eda m\u00e1s senil, su dependencia hacia Mar\u00eda, la madura hija divorciada y con dos hijos que se ocupa de \u00e9l, es m\u00e1s pronunciada. Pronto la presi\u00f3n econ\u00f3mica y social que genera la presencia del padre conduce a la desesperada hija al borde de una decisi\u00f3n dif\u00edcil de tomar.\u00a0<em>La demora\u00a0<\/em>es el primer largometraje que el director mexicano hijo de migrantes Rodrigo Pl\u00e1, egresado del Centro de Capacitaci\u00f3n Cinematogr\u00e1fica de M\u00e9xico, realiza por completo en su pa\u00eds natal.<\/p>\n<\/div>\n","protected":false},"excerpt":{"rendered":"<p>Rodrigo Pl\u00e1 recibe el Ariel a Mejor Director por\u00a0La Demora La Demora &#8211; Trailer:\u00a0http:\/\/www.youtube.com\/watch?v=RKgpFgdgWYA Rodrigo Pl\u00e1 Rodrigo Pl\u00e1 (n. el 9 de junio de 1968 en Montevideo, Uruguay) es un director de cine uruguayo radicado en M\u00e9xico. Dirige primordialmente obras de ficci\u00f3n, de las cuales generalmente es autor o coautor del guion. &nbsp; &nbsp; La [&hellip;]<\/p>\n","protected":false},"author":249,"featured_media":0,"comment_status":"open","ping_status":"closed","sticky":false,"template":"","format":"standard","meta":{"footnotes":""},"categories":[1],"tags":[],"class_list":["post-9764","post","type-post","status-publish","format-standard","hentry","category-sin-categoria"],"_links":{"self":[{"href":"https:\/\/eloficiodehistoriar.com.mx\/index.php?rest_route=\/wp\/v2\/posts\/9764","targetHints":{"allow":["GET"]}}],"collection":[{"href":"https:\/\/eloficiodehistoriar.com.mx\/index.php?rest_route=\/wp\/v2\/posts"}],"about":[{"href":"https:\/\/eloficiodehistoriar.com.mx\/index.php?rest_route=\/wp\/v2\/types\/post"}],"author":[{"embeddable":true,"href":"https:\/\/eloficiodehistoriar.com.mx\/index.php?rest_route=\/wp\/v2\/users\/249"}],"replies":[{"embeddable":true,"href":"https:\/\/eloficiodehistoriar.com.mx\/index.php?rest_route=%2Fwp%2Fv2%2Fcomments&post=9764"}],"version-history":[{"count":4,"href":"https:\/\/eloficiodehistoriar.com.mx\/index.php?rest_route=\/wp\/v2\/posts\/9764\/revisions"}],"predecessor-version":[{"id":9768,"href":"https:\/\/eloficiodehistoriar.com.mx\/index.php?rest_route=\/wp\/v2\/posts\/9764\/revisions\/9768"}],"wp:attachment":[{"href":"https:\/\/eloficiodehistoriar.com.mx\/index.php?rest_route=%2Fwp%2Fv2%2Fmedia&parent=9764"}],"wp:term":[{"taxonomy":"category","embeddable":true,"href":"https:\/\/eloficiodehistoriar.com.mx\/index.php?rest_route=%2Fwp%2Fv2%2Fcategories&post=9764"},{"taxonomy":"post_tag","embeddable":true,"href":"https:\/\/eloficiodehistoriar.com.mx\/index.php?rest_route=%2Fwp%2Fv2%2Ftags&post=9764"}],"curies":[{"name":"wp","href":"https:\/\/api.w.org\/{rel}","templated":true}]}}